{"id":1892,"date":"2024-11-04T12:39:00","date_gmt":"2024-11-04T09:39:00","guid":{"rendered":"https:\/\/erenyesilyurt.com\/?p=1892"},"modified":"2024-12-08T17:45:11","modified_gmt":"2024-12-08T14:45:11","slug":"franco-milanesi-die-konservative-revolution-basiert-auf-einer-revolution-gegen-den-kapitalismus-und-gegen-die-burgerliche-form-des-menschen-und-fur-die-gemeinschaftlichen-wurzeln-der-nationalen-tradi","status":"publish","type":"post","link":"https:\/\/erenyesilyurt.com\/index.php\/2024\/11\/04\/franco-milanesi-die-konservative-revolution-basiert-auf-einer-revolution-gegen-den-kapitalismus-und-gegen-die-burgerliche-form-des-menschen-und-fur-die-gemeinschaftlichen-wurzeln-der-nationalen-tradi\/","title":{"rendered":"Franco Milanesi: Die konservative Revolution basiert auf einer Revolution gegen den Kapitalismus und gegen die b\u00fcrgerliche Form des Menschen und f\u00fcr die gemeinschaftlichen Wurzeln der nationalen Tradition und des Menschen"},"content":{"rendered":"\n<p>Wir hatten ein sch\u00f6nes Einf\u00fchrungsgespr\u00e4ch mit Franco Milanesi \u00fcber die politische Philosophie, die Geschichte und insbesondere die Ideen von Ernst Niekisch. Wir haben viele Themen angesprochen, unter anderem, wie Niekisch die Konzepte des konservativen Revolutionarismus und des Nationalbolschewismus miteinander verband, und sein Verh\u00e4ltnis zu Ernst J\u00fcnger.<\/p>\n\n\n\n<p><strong>K\u00f6nnen Sie sich kurz vorstellen?<\/strong><\/p>\n\n\n\n<p>Ich wurde am 5. Juli 1956 in Turin geboren und schloss mein Studium an der Universit\u00e4t Turin mit einer Arbeit \u00fcber den Dissens in der Pcd&#8217;I (KP Italiens) ab. Ich unterrichtete in Pinerolo und promovierte 2010 an der Universit\u00e4t Turin und 2014 ein zweites Mal an der Universit\u00e4t von Genua. Ich ver\u00f6ffentliche Artikel in verschiedenen Fachzeitschriften. Im Jahr 2008 ver\u00f6ffentlichte ich Dietro la lavagna (Hinter der Tafel), das auf meiner Schulerfahrung basiert, und 2010 erschien Militanti f\u00fcr den Punto Rosso Verlag. Im Jahr 2011 ver\u00f6ffentlichte ich Ribelli e borghesi. Nazionalbolshevismo e rivoluzione conservatrice bei Aracne und sp\u00e4ter Nel Novecento bei Mimesis, ein Werk, das dem politischen Weg von Mario Tronti gewidmet ist. Im Jahr 2022 wurde Il tempo inquieto. Per un uso politico della temporalit\u00e0 bei Ombre corte ver\u00f6ffentlicht. Ich schrieb das Vorwort f\u00fcr Das Reich der niederen D\u00e4monen. Ein deutsches Verh\u00e4ngnis von Ernst Niekisch im Jahr 2018 bei NovaEuropa. Ich nehme als Referent an Konferenzen und \u00f6ffentlichen Veranstaltungen in mehreren italienischen St\u00e4dten teil. Ich war Sekret\u00e4r der Rifondazione Comunista im Kreis Pinerolo und habe in derselben Stadt auch Verwaltungsarbeit geleistet.<\/p>\n\n\n\n<p><strong>Ernst Niekisch nimmt als Nationalbolschewist eine einzigartige Stellung innerhalb der Konservativen Revolution ein. Was sind Niekischs grundlegende Ideen? Wie schaffte er es, konservativer Revolution\u00e4r und Nationalbolschewist zugleich zu sein?<\/strong><\/p>\n\n\n\n<p>Niekischs politische Philosophie ist eng mit seiner politischen Anthropologie verwoben. In der Tat ist es die b\u00fcrgerliche Gestalt, die im theoretischen Mittelpunkt seiner Arbeit steht. Diese Figur hat sich in der Moderne durchgesetzt, und es ist diese Figur, die die kapitalistische Dynamik \u201eregiert\u201c. Die Kritik des Kapitals wird zu einer Kritik des \u201eMenschentyps\u201c, der es verk\u00f6rpert und propagiert. Der Bourgeois vereint zwei Eigenschaften in sich: propriet\u00e4ren Individualismus und Universalismus. Gegen den ersteren setzt Niekisch die kommunit\u00e4re und sozialistische Instanz. Das individuelle Subjekt findet seinen \u201eSinn\u201c nur in der sozialen Gemeinschaft, einer Gemeinschaft von Gleichen, in der der Staat die konkrete Institution ist, die den Sozialismus verwirklicht und f\u00f6rdert. Diese Gesellschaft braucht jedoch eine Identit\u00e4t, und das nationale Element hat diese Funktion. Das ist die doppelte Wurzel, nationalistisch (anti-universalistisch) und bolschewistisch (antikapitalistisch). Die konservative Revolution st\u00fctzt sich auf \u00e4hnliche Annahmen. Revolution gegen das Kapital und die b\u00fcrgerliche Form des Menschen. Bewahrung und Reaktivierung der nationalen Tradition und der gemeinschaftlichen Wurzeln des Menschen.<\/p>\n\n\n\n<p><strong>K\u00f6nnen Sie die b\u00fcrgerliche Form des Menschen erkl\u00e4ren, gegen die sie sich wenden?<\/strong><\/p>\n\n\n\n<p>Die b\u00fcrgerliche Form (Gestalt) ist eine Seinsweise des Menschen, die wir abstrakt betrachten k\u00f6nnen. Genau, als eine Form. Der Bourgeois stellt die pers\u00f6nliche Sicherheit, den Anstand, das Geld, die Familie, das Individuum in den Mittelpunkt seiner Existenz. All das steht im Gegensatz zu den ebenso universellen Eigenschaften, die der preu\u00dfische Geist verk\u00f6rpert: Opferbereitschaft, Kampfgeist, Gemeinschaftssinn. F\u00fcr Niekisch verk\u00f6rpert der in der sowjetischen Welt auftauchende Proletarier, der homo sovieticus, einige dieser Eigenschaften, die nicht nur bei den Preu\u00dfen, sondern auch bei den Slawen zu finden sind.<\/p>\n\n\n\n<p>Welche Haltung nahm Niekisch gegen\u00fcber den Nationalsozialisten ein? Wie ist er mit der nationalsozialistischen Ideologie in Konflikt geraten und wie hat dieser Konflikt sein politisches Leben beeinflusst?<\/p>\n\n\n\n<p>Die Auseinandersetzung mit dem Nationalsozialismus war sehr hart. Niekisch hatte nach seinen Erfahrungen in der Bayerischen R\u00e4terepublik bereits zwei Jahre im Gef\u00e4ngnis verbracht. W\u00e4hrend er sich zun\u00e4chst f\u00fcr die Erfahrungen der Br\u00fcder Strasser interessierte, ver\u00f6ffentlichte er bereits 1932 eines seiner bedeutendsten Werke, Hitler, ein deutsches Verh\u00e4ngnis, eine historisch-theoretische Schrift, in der er den Nationalsozialismus als Ausdruck des s\u00fcdlichen, b\u00fcrgerlichen, katholischen Geistes angriff. Der Sieg des Nationalsozialismus w\u00fcrde die vollst\u00e4ndige Latinisierung des deutschen Geistes und die Einf\u00fchrung der merkantilen \u201eWerte\u201c des Kapitalismus mit sich bringen. Die Nazis starteten eine heftige Kampagne gegen das Buch. Im Januar 1939 wird Niekisch von einem Sondergericht zu lebenslanger Haft, Beschlagnahmung des gesamten Verm\u00f6gens und Verbot der B\u00fcrgerrechte verurteilt. Am 27. April 1945 wird er, fast vollst\u00e4ndig erblindet und gel\u00e4hmt, von der Roten Armee befreit.<\/p>\n\n\n\n<p><strong>Was bedeutet die \u201eLatinisierung des Deutschen\u201c?<\/strong><\/p>\n\n\n\n<p>Latinisierung bedeutet genau genommen die Unterwerfung unter die Werte \u201edes S\u00fcdens\u201c, insbesondere unter die katholischen Werte, die f\u00fcr Niekisch die gleichen sind wie die der von der b\u00fcrgerlichen Galionsfigur beherrschten merkantilen Gesellschaften.<\/p>\n\n\n\n<p><strong>Welche Art von geopolitischer Struktur stellte sich Ernst Niekisch bei der Schaffung eines B\u00fcndnisses zwischen der Sowjetunion und Deutschland vor? Welche Rolle spielten eurasische Konzepte in dieser Struktur?<\/strong><\/p>\n\n\n\n<p>Osteuropa ist f\u00fcr Niekisch der Damm gegen das \u201eamerikanische\u201c Abdriften des Westens. Osten bedeutet Bolschewismus. Wie immer interpretiert er das politische Ph\u00e4nomen auch unter anthropologischen Gesichtspunkten. Der Bolschewismus brachte eine dominante Figur auf die B\u00fchne der Geschichte: die des militanten Kommunisten. Eine Minderheit, die in der Lage war, eine Politik zu beschlie\u00dfen, durchzusetzen und zu verwirklichen, in der der Staat, die herrschende Klasse und die Massen buchst\u00e4blich vereint sind, d. h. in einer einheitlichen Form vereint sind. Die bolschewistische Revolution brachte denselben slawischen, im Wesentlichen kollektivistischen, antiindividualistischen und milit\u00e4rischen Charakter zum Tragen. Dies sind die Charaktere, die in einer idealen Ost-West-Fusion, d.h. in der Bolschewisierung des Westens und Deutschlands, das b\u00fcrgerliche und materialistische Abdriften des Westens aufzuhalten verm\u00f6gen. Niekischs Geschichtsauffassung ist stets von metaphysischen und spirituellen Elementen durchdrungen. Daher auch seine Kritik am Marxismus, der im Gegenteil die Geschichte auf einen \u00f6konomischen und materiellen Konflikt reduziert.<\/p>\n\n\n\n<p><strong>Was sind die metaphysischen und spirituellen Elemente in Niekischs Geschichtsdeutung? Wie setzt er sie ein?<\/strong><\/p>\n\n\n\n<p>Die scharfen Gegens\u00e4tze Nord\/S\u00fcd, preu\u00dfischer Protestantismus\/lateinischer Katholizismus, Kriegergeist\/Pazifismus, absoluter Staat\/freie Marktgesellschaft, Kommunismus\/individualistischer Liberalismus stellen metaphysische Kristallisationen dar, die wenig mit der Komplexit\u00e4t der V\u00f6lker in ihrer konkreten Existenz zu tun haben. In der modernen Geschichtsschreibung werden \u201ePhasen\u201c, die in starren chronologischen Schemata festgelegt sind, mit gro\u00dfer Vorsicht betrachtet. Niekisch geht sogar so weit, vom \u201eEwigen Juden\u201c, dem \u201eEwigen Lateiner\u201c, dem \u201eEwigen Barbaren\u201c nicht als rein abstrakte Modelle zu sprechen, sondern in hegelscher Manier als konkrete Universalien, die sich im Laufe der Geschichte objektivieren. Nat\u00fcrlich haben nicht alle &#8220;Lateiner&#8221; diese Eigenschaften. Aber die Macht der Form pr\u00e4gt die Geschichte und ihre Phasen ganz und gar.<\/p>\n\n\n\n<p><strong>Seine Freundschaft mit Ernst J\u00fcnger ist ein sehr interessantes Detail. Wie haben sich die beiden Denker gegenseitig beeinflusst? Welcher Gedankenaustausch hat sich aus dieser intellektuellen Beziehung ergeben?<\/strong><\/p>\n\n\n\n<p>Es handelt sich um zwei \u201estarke\u201c Denker, die ihre Ideen auf der Grundlage unterschiedlicher kultureller Linien und Texte entwickeln. Ich w\u00fcrde einige Gemeinsamkeiten zusammenfassen: 1. der Erste Weltkrieg als \u201eSattelzeit\u201c f\u00fcr die Herausbildung eines revolution\u00e4ren, antib\u00fcrgerlichen und radikal mobilisierten \u201eTyps\u201c zur Ver\u00e4nderung der Verh\u00e4ltnisse. Das Konzept der \u201etotalen Mobilmachung\u201c hat Niekisch stark beeinflusst. Ernst J\u00fcnger wiederum erkannte Niekischs Klassennationalismus als starke Anregung und schrieb zahlreiche Artikel im Widerstand. Der J\u00fcngersche Arbeiter ist nichts anderes als Niekischs nationaler Proletarier, der \u201eewige Barbar\u201c, der die westliche Welt im Lichte preu\u00dfischer, geistiger, volkst\u00fcmlicher Werte beherrschen wird. Bereits 1927 hielten die beiden Kontakt. Danach war J\u00fcngers Haltung gegen\u00fcber dem Regime sehr zur\u00fcckhaltend, was so weit ging, dass er als Offizier im von den Nazis besetzten Paris arbeitete. J\u00fcnger war aktiv an dem Attentat vom Juli 1944 beteiligt, wurde aber nicht belangt, weil Hitler seine Schriften \u00fcber den Krieg sch\u00e4tzte. Sie teilten eine metaphysische Geschichtsauffassung, die auf einer epochalen Abfolge und dem Konzept der Form oder der anthropologisch-politischen Figur beruhte. Niekisch, so J\u00fcnger, \u201egeh\u00f6rte zu den wenigen, die den Sinn, den ich der Figur des Arbeiters geben wollte, sofort verstanden. Das m\u00f6chte ich anerkennen, denn selbst so scharfe K\u00f6pfe wie Spengler und Carl Schmitt hatten mich nicht verstanden, ja sie hatten meine Absichten mi\u00dfverstanden\u201c. Differenzen gab es in Bezug auf die Haltung gegen\u00fcber der UdSSR, der J\u00fcnger stets eine tiefe Feindschaft entgegenbrachte.<\/p>\n\n\n\n<p><strong>Hat das Denken von Ernst Niekisch heute noch Anh\u00e4nger? Was sagt er der Welt von heute?<\/strong><\/p>\n\n\n\n<p>Es gibt viele \u201erot-braune\u201c Str\u00f6mungen in den verschiedenen europ\u00e4ischen Staaten. Sie entstehen aus der Konvergenz von nationalen Forderungen und antikapitalistischem, antib\u00fcrgerlichem Sozialradikalismus. Niekischs Ideen sind, wenn auch tiefgreifend transformiert, als eurasische Instanz (man denke an seine Ostorientierung), als Kritik am Amerikanismus und an einem durch den Strom der M\u00e4rkte geeinten Europa weit verbreitet.<\/p>\n\n\n\n<p><a href=\"https:\/\/www.geopolitika.ru\/de\/article\/franco-milanesi-die-konservative-revolution-basiert-auf-einer-revolution-gegen-den\">\u00dcbersetzung Quelle<\/a><\/p>\n\n\n\n<p>\u00dcbersetzung von Robert Steuckers<\/p>\n","protected":false},"excerpt":{"rendered":"<p>Wir hatten ein sch\u00f6nes Einf\u00fchrungsgespr\u00e4ch mit Franco Milanesi \u00fcber die politische Philosophie, die Geschichte und insbesondere die Ideen von Ernst Niekisch. Wir haben viele Themen angesprochen, unter anderem, wie Niekisch die Konzepte des konservativen Revolutionarismus und des Nationalbolschewismus miteinander verband, und sein Verh\u00e4ltnis zu Ernst J\u00fcnger. K\u00f6nnen Sie sich kurz vorstellen? Ich wurde am 5&#8230;. <span class=\"more\"><a class=\"more-link\" href=\"https:\/\/erenyesilyurt.com\/index.php\/2024\/11\/04\/franco-milanesi-die-konservative-revolution-basiert-auf-einer-revolution-gegen-den-kapitalismus-und-gegen-die-burgerliche-form-des-menschen-und-fur-die-gemeinschaftlichen-wurzeln-der-nationalen-tradi\/\">Continue reading <span class=\"meta-nav\">&#8594;<\/span><\/a><\/span><\/p>\n","protected":false},"author":1,"featured_media":1760,"comment_status":"open","ping_status":"open","sticky":false,"template":"","format":"standard","meta":{"_jetpack_memberships_contains_paid_content":false,"footnotes":""},"categories":[65,68],"tags":[],"class_list":["post-1892","post","type-post","status-publish","format-standard","has-post-thumbnail","hentry","category-english-other-languages","category-other-languages"],"yoast_head":"<!-- This site is optimized with the Yoast SEO plugin v22.1 - https:\/\/yoast.com\/wordpress\/plugins\/seo\/ -->\n<title>Franco Milanesi: Die konservative Revolution basiert auf einer Revolution gegen den Kapitalismus und gegen die b\u00fcrgerliche Form des Menschen und f\u00fcr die gemeinschaftlichen Wurzeln der nationalen Tradition und des Menschen - Eren Ye\u015filyurt<\/title>\n<meta name=\"robots\" content=\"index, follow, max-snippet:-1, max-image-preview:large, max-video-preview:-1\" \/>\n<link rel=\"canonical\" href=\"https:\/\/erenyesilyurt.com\/index.php\/2024\/11\/04\/franco-milanesi-die-konservative-revolution-basiert-auf-einer-revolution-gegen-den-kapitalismus-und-gegen-die-burgerliche-form-des-menschen-und-fur-die-gemeinschaftlichen-wurzeln-der-nationalen-tradi\/\" \/>\n<meta property=\"og:locale\" content=\"en_US\" \/>\n<meta property=\"og:type\" content=\"article\" \/>\n<meta property=\"og:title\" content=\"Franco Milanesi: Die konservative Revolution basiert auf einer Revolution gegen den Kapitalismus und gegen die b\u00fcrgerliche Form des Menschen und f\u00fcr die gemeinschaftlichen Wurzeln der nationalen Tradition und des Menschen - Eren Ye\u015filyurt\" \/>\n<meta property=\"og:description\" content=\"Wir hatten ein sch\u00f6nes Einf\u00fchrungsgespr\u00e4ch mit Franco Milanesi \u00fcber die politische Philosophie, die Geschichte und insbesondere die Ideen von Ernst Niekisch. Wir haben viele Themen angesprochen, unter anderem, wie Niekisch die Konzepte des konservativen Revolutionarismus und des Nationalbolschewismus miteinander verband, und sein Verh\u00e4ltnis zu Ernst J\u00fcnger. K\u00f6nnen Sie sich kurz vorstellen? Ich wurde am 5.... Continue reading &#8594;\" \/>\n<meta property=\"og:url\" content=\"https:\/\/erenyesilyurt.com\/index.php\/2024\/11\/04\/franco-milanesi-die-konservative-revolution-basiert-auf-einer-revolution-gegen-den-kapitalismus-und-gegen-die-burgerliche-form-des-menschen-und-fur-die-gemeinschaftlichen-wurzeln-der-nationalen-tradi\/\" \/>\n<meta property=\"og:site_name\" content=\"Eren Ye\u015filyurt\" \/>\n<meta property=\"article:published_time\" content=\"2024-11-04T09:39:00+00:00\" \/>\n<meta property=\"article:modified_time\" content=\"2024-12-08T14:45:11+00:00\" \/>\n<meta property=\"og:image\" content=\"http:\/\/erenyesilyurt.com\/wp-content\/uploads\/2024\/11\/foro-milanesi-1.jpg.webp\" \/>\n\t<meta property=\"og:image:width\" content=\"637\" \/>\n\t<meta property=\"og:image:height\" content=\"483\" \/>\n\t<meta property=\"og:image:type\" content=\"image\/webp\" \/>\n<meta name=\"author\" content=\"erenyesilyurt.com\" \/>\n<meta name=\"twitter:card\" content=\"summary_large_image\" \/>\n<meta name=\"twitter:label1\" content=\"Written by\" \/>\n\t<meta name=\"twitter:data1\" content=\"erenyesilyurt.com\" \/>\n\t<meta name=\"twitter:label2\" content=\"Est. reading time\" \/>\n\t<meta name=\"twitter:data2\" content=\"9 minutes\" \/>\n<script type=\"application\/ld+json\" class=\"yoast-schema-graph\">{\"@context\":\"https:\/\/schema.org\",\"@graph\":[{\"@type\":\"Article\",\"@id\":\"https:\/\/erenyesilyurt.com\/index.php\/2024\/11\/04\/franco-milanesi-die-konservative-revolution-basiert-auf-einer-revolution-gegen-den-kapitalismus-und-gegen-die-burgerliche-form-des-menschen-und-fur-die-gemeinschaftlichen-wurzeln-der-nationalen-tradi\/#article\",\"isPartOf\":{\"@id\":\"https:\/\/erenyesilyurt.com\/index.php\/2024\/11\/04\/franco-milanesi-die-konservative-revolution-basiert-auf-einer-revolution-gegen-den-kapitalismus-und-gegen-die-burgerliche-form-des-menschen-und-fur-die-gemeinschaftlichen-wurzeln-der-nationalen-tradi\/\"},\"author\":{\"name\":\"erenyesilyurt.com\",\"@id\":\"https:\/\/erenyesilyurt.com\/#\/schema\/person\/ff31a9b0cf4c3738d6325963ff6af263\"},\"headline\":\"Franco Milanesi: Die konservative Revolution basiert auf einer Revolution gegen den Kapitalismus und gegen die b\u00fcrgerliche Form des Menschen und f\u00fcr die gemeinschaftlichen Wurzeln der nationalen Tradition und des Menschen\",\"datePublished\":\"2024-11-04T09:39:00+00:00\",\"dateModified\":\"2024-12-08T14:45:11+00:00\",\"mainEntityOfPage\":{\"@id\":\"https:\/\/erenyesilyurt.com\/index.php\/2024\/11\/04\/franco-milanesi-die-konservative-revolution-basiert-auf-einer-revolution-gegen-den-kapitalismus-und-gegen-die-burgerliche-form-des-menschen-und-fur-die-gemeinschaftlichen-wurzeln-der-nationalen-tradi\/\"},\"wordCount\":1465,\"commentCount\":0,\"publisher\":{\"@id\":\"https:\/\/erenyesilyurt.com\/#\/schema\/person\/ff31a9b0cf4c3738d6325963ff6af263\"},\"articleSection\":[\"English\/ Other Languages\",\"Other Languages\"],\"inLanguage\":\"en-US\",\"potentialAction\":[{\"@type\":\"CommentAction\",\"name\":\"Comment\",\"target\":[\"https:\/\/erenyesilyurt.com\/index.php\/2024\/11\/04\/franco-milanesi-die-konservative-revolution-basiert-auf-einer-revolution-gegen-den-kapitalismus-und-gegen-die-burgerliche-form-des-menschen-und-fur-die-gemeinschaftlichen-wurzeln-der-nationalen-tradi\/#respond\"]}]},{\"@type\":\"WebPage\",\"@id\":\"https:\/\/erenyesilyurt.com\/index.php\/2024\/11\/04\/franco-milanesi-die-konservative-revolution-basiert-auf-einer-revolution-gegen-den-kapitalismus-und-gegen-die-burgerliche-form-des-menschen-und-fur-die-gemeinschaftlichen-wurzeln-der-nationalen-tradi\/\",\"url\":\"https:\/\/erenyesilyurt.com\/index.php\/2024\/11\/04\/franco-milanesi-die-konservative-revolution-basiert-auf-einer-revolution-gegen-den-kapitalismus-und-gegen-die-burgerliche-form-des-menschen-und-fur-die-gemeinschaftlichen-wurzeln-der-nationalen-tradi\/\",\"name\":\"Franco Milanesi: Die konservative Revolution basiert auf einer Revolution gegen den Kapitalismus und gegen die b\u00fcrgerliche Form des Menschen und f\u00fcr die gemeinschaftlichen Wurzeln der nationalen Tradition und des Menschen - Eren Ye\u015filyurt\",\"isPartOf\":{\"@id\":\"https:\/\/erenyesilyurt.com\/#website\"},\"datePublished\":\"2024-11-04T09:39:00+00:00\",\"dateModified\":\"2024-12-08T14:45:11+00:00\",\"breadcrumb\":{\"@id\":\"https:\/\/erenyesilyurt.com\/index.php\/2024\/11\/04\/franco-milanesi-die-konservative-revolution-basiert-auf-einer-revolution-gegen-den-kapitalismus-und-gegen-die-burgerliche-form-des-menschen-und-fur-die-gemeinschaftlichen-wurzeln-der-nationalen-tradi\/#breadcrumb\"},\"inLanguage\":\"en-US\",\"potentialAction\":[{\"@type\":\"ReadAction\",\"target\":[\"https:\/\/erenyesilyurt.com\/index.php\/2024\/11\/04\/franco-milanesi-die-konservative-revolution-basiert-auf-einer-revolution-gegen-den-kapitalismus-und-gegen-die-burgerliche-form-des-menschen-und-fur-die-gemeinschaftlichen-wurzeln-der-nationalen-tradi\/\"]}]},{\"@type\":\"BreadcrumbList\",\"@id\":\"https:\/\/erenyesilyurt.com\/index.php\/2024\/11\/04\/franco-milanesi-die-konservative-revolution-basiert-auf-einer-revolution-gegen-den-kapitalismus-und-gegen-die-burgerliche-form-des-menschen-und-fur-die-gemeinschaftlichen-wurzeln-der-nationalen-tradi\/#breadcrumb\",\"itemListElement\":[{\"@type\":\"ListItem\",\"position\":1,\"name\":\"Anasayfa\",\"item\":\"https:\/\/erenyesilyurt.com\/\"},{\"@type\":\"ListItem\",\"position\":2,\"name\":\"Franco Milanesi: Die konservative Revolution basiert auf einer Revolution gegen den Kapitalismus und gegen die b\u00fcrgerliche Form des Menschen und f\u00fcr die gemeinschaftlichen Wurzeln der nationalen Tradition und des Menschen\"}]},{\"@type\":\"WebSite\",\"@id\":\"https:\/\/erenyesilyurt.com\/#website\",\"url\":\"https:\/\/erenyesilyurt.com\/\",\"name\":\"Eren Ye\u015filyurt\",\"description\":\"Lux venit ab alto\",\"publisher\":{\"@id\":\"https:\/\/erenyesilyurt.com\/#\/schema\/person\/ff31a9b0cf4c3738d6325963ff6af263\"},\"potentialAction\":[{\"@type\":\"SearchAction\",\"target\":{\"@type\":\"EntryPoint\",\"urlTemplate\":\"https:\/\/erenyesilyurt.com\/?s={search_term_string}\"},\"query-input\":\"required name=search_term_string\"}],\"inLanguage\":\"en-US\"},{\"@type\":[\"Person\",\"Organization\"],\"@id\":\"https:\/\/erenyesilyurt.com\/#\/schema\/person\/ff31a9b0cf4c3738d6325963ff6af263\",\"name\":\"erenyesilyurt.com\",\"image\":{\"@type\":\"ImageObject\",\"inLanguage\":\"en-US\",\"@id\":\"https:\/\/erenyesilyurt.com\/#\/schema\/person\/image\/\",\"url\":\"https:\/\/erenyesilyurt.com\/wp-content\/litespeed\/avatar\/ae4ccefc8034a37e9d6597a872ea3007.jpg?ver=1777228074\",\"contentUrl\":\"https:\/\/erenyesilyurt.com\/wp-content\/litespeed\/avatar\/ae4ccefc8034a37e9d6597a872ea3007.jpg?ver=1777228074\",\"caption\":\"erenyesilyurt.com\"},\"logo\":{\"@id\":\"https:\/\/erenyesilyurt.com\/#\/schema\/person\/image\/\"},\"sameAs\":[\"http:\/\/erenyesilyurt.com\"],\"url\":\"https:\/\/erenyesilyurt.com\/index.php\/author\/erenyesilyurt-com\/\"}]}<\/script>\n<!-- \/ Yoast SEO plugin. -->","yoast_head_json":{"title":"Franco Milanesi: Die konservative Revolution basiert auf einer Revolution gegen den Kapitalismus und gegen die b\u00fcrgerliche Form des Menschen und f\u00fcr die gemeinschaftlichen Wurzeln der nationalen Tradition und des Menschen - Eren Ye\u015filyurt","robots":{"index":"index","follow":"follow","max-snippet":"max-snippet:-1","max-image-preview":"max-image-preview:large","max-video-preview":"max-video-preview:-1"},"canonical":"https:\/\/erenyesilyurt.com\/index.php\/2024\/11\/04\/franco-milanesi-die-konservative-revolution-basiert-auf-einer-revolution-gegen-den-kapitalismus-und-gegen-die-burgerliche-form-des-menschen-und-fur-die-gemeinschaftlichen-wurzeln-der-nationalen-tradi\/","og_locale":"en_US","og_type":"article","og_title":"Franco Milanesi: Die konservative Revolution basiert auf einer Revolution gegen den Kapitalismus und gegen die b\u00fcrgerliche Form des Menschen und f\u00fcr die gemeinschaftlichen Wurzeln der nationalen Tradition und des Menschen - Eren Ye\u015filyurt","og_description":"Wir hatten ein sch\u00f6nes Einf\u00fchrungsgespr\u00e4ch mit Franco Milanesi \u00fcber die politische Philosophie, die Geschichte und insbesondere die Ideen von Ernst Niekisch. Wir haben viele Themen angesprochen, unter anderem, wie Niekisch die Konzepte des konservativen Revolutionarismus und des Nationalbolschewismus miteinander verband, und sein Verh\u00e4ltnis zu Ernst J\u00fcnger. K\u00f6nnen Sie sich kurz vorstellen? Ich wurde am 5.... Continue reading &#8594;","og_url":"https:\/\/erenyesilyurt.com\/index.php\/2024\/11\/04\/franco-milanesi-die-konservative-revolution-basiert-auf-einer-revolution-gegen-den-kapitalismus-und-gegen-die-burgerliche-form-des-menschen-und-fur-die-gemeinschaftlichen-wurzeln-der-nationalen-tradi\/","og_site_name":"Eren Ye\u015filyurt","article_published_time":"2024-11-04T09:39:00+00:00","article_modified_time":"2024-12-08T14:45:11+00:00","og_image":[{"width":637,"height":483,"url":"http:\/\/erenyesilyurt.com\/wp-content\/uploads\/2024\/11\/foro-milanesi-1.jpg.webp","type":"image\/webp"}],"author":"erenyesilyurt.com","twitter_card":"summary_large_image","twitter_misc":{"Written by":"erenyesilyurt.com","Est. reading time":"9 minutes"},"schema":{"@context":"https:\/\/schema.org","@graph":[{"@type":"Article","@id":"https:\/\/erenyesilyurt.com\/index.php\/2024\/11\/04\/franco-milanesi-die-konservative-revolution-basiert-auf-einer-revolution-gegen-den-kapitalismus-und-gegen-die-burgerliche-form-des-menschen-und-fur-die-gemeinschaftlichen-wurzeln-der-nationalen-tradi\/#article","isPartOf":{"@id":"https:\/\/erenyesilyurt.com\/index.php\/2024\/11\/04\/franco-milanesi-die-konservative-revolution-basiert-auf-einer-revolution-gegen-den-kapitalismus-und-gegen-die-burgerliche-form-des-menschen-und-fur-die-gemeinschaftlichen-wurzeln-der-nationalen-tradi\/"},"author":{"name":"erenyesilyurt.com","@id":"https:\/\/erenyesilyurt.com\/#\/schema\/person\/ff31a9b0cf4c3738d6325963ff6af263"},"headline":"Franco Milanesi: Die konservative Revolution basiert auf einer Revolution gegen den Kapitalismus und gegen die b\u00fcrgerliche Form des Menschen und f\u00fcr die gemeinschaftlichen Wurzeln der nationalen Tradition und des Menschen","datePublished":"2024-11-04T09:39:00+00:00","dateModified":"2024-12-08T14:45:11+00:00","mainEntityOfPage":{"@id":"https:\/\/erenyesilyurt.com\/index.php\/2024\/11\/04\/franco-milanesi-die-konservative-revolution-basiert-auf-einer-revolution-gegen-den-kapitalismus-und-gegen-die-burgerliche-form-des-menschen-und-fur-die-gemeinschaftlichen-wurzeln-der-nationalen-tradi\/"},"wordCount":1465,"commentCount":0,"publisher":{"@id":"https:\/\/erenyesilyurt.com\/#\/schema\/person\/ff31a9b0cf4c3738d6325963ff6af263"},"articleSection":["English\/ Other Languages","Other Languages"],"inLanguage":"en-US","potentialAction":[{"@type":"CommentAction","name":"Comment","target":["https:\/\/erenyesilyurt.com\/index.php\/2024\/11\/04\/franco-milanesi-die-konservative-revolution-basiert-auf-einer-revolution-gegen-den-kapitalismus-und-gegen-die-burgerliche-form-des-menschen-und-fur-die-gemeinschaftlichen-wurzeln-der-nationalen-tradi\/#respond"]}]},{"@type":"WebPage","@id":"https:\/\/erenyesilyurt.com\/index.php\/2024\/11\/04\/franco-milanesi-die-konservative-revolution-basiert-auf-einer-revolution-gegen-den-kapitalismus-und-gegen-die-burgerliche-form-des-menschen-und-fur-die-gemeinschaftlichen-wurzeln-der-nationalen-tradi\/","url":"https:\/\/erenyesilyurt.com\/index.php\/2024\/11\/04\/franco-milanesi-die-konservative-revolution-basiert-auf-einer-revolution-gegen-den-kapitalismus-und-gegen-die-burgerliche-form-des-menschen-und-fur-die-gemeinschaftlichen-wurzeln-der-nationalen-tradi\/","name":"Franco Milanesi: Die konservative Revolution basiert auf einer Revolution gegen den Kapitalismus und gegen die b\u00fcrgerliche Form des Menschen und f\u00fcr die gemeinschaftlichen Wurzeln der nationalen Tradition und des Menschen - Eren Ye\u015filyurt","isPartOf":{"@id":"https:\/\/erenyesilyurt.com\/#website"},"datePublished":"2024-11-04T09:39:00+00:00","dateModified":"2024-12-08T14:45:11+00:00","breadcrumb":{"@id":"https:\/\/erenyesilyurt.com\/index.php\/2024\/11\/04\/franco-milanesi-die-konservative-revolution-basiert-auf-einer-revolution-gegen-den-kapitalismus-und-gegen-die-burgerliche-form-des-menschen-und-fur-die-gemeinschaftlichen-wurzeln-der-nationalen-tradi\/#breadcrumb"},"inLanguage":"en-US","potentialAction":[{"@type":"ReadAction","target":["https:\/\/erenyesilyurt.com\/index.php\/2024\/11\/04\/franco-milanesi-die-konservative-revolution-basiert-auf-einer-revolution-gegen-den-kapitalismus-und-gegen-die-burgerliche-form-des-menschen-und-fur-die-gemeinschaftlichen-wurzeln-der-nationalen-tradi\/"]}]},{"@type":"BreadcrumbList","@id":"https:\/\/erenyesilyurt.com\/index.php\/2024\/11\/04\/franco-milanesi-die-konservative-revolution-basiert-auf-einer-revolution-gegen-den-kapitalismus-und-gegen-die-burgerliche-form-des-menschen-und-fur-die-gemeinschaftlichen-wurzeln-der-nationalen-tradi\/#breadcrumb","itemListElement":[{"@type":"ListItem","position":1,"name":"Anasayfa","item":"https:\/\/erenyesilyurt.com\/"},{"@type":"ListItem","position":2,"name":"Franco Milanesi: Die konservative Revolution basiert auf einer Revolution gegen den Kapitalismus und gegen die b\u00fcrgerliche Form des Menschen und f\u00fcr die gemeinschaftlichen Wurzeln der nationalen Tradition und des Menschen"}]},{"@type":"WebSite","@id":"https:\/\/erenyesilyurt.com\/#website","url":"https:\/\/erenyesilyurt.com\/","name":"Eren Ye\u015filyurt","description":"Lux venit ab alto","publisher":{"@id":"https:\/\/erenyesilyurt.com\/#\/schema\/person\/ff31a9b0cf4c3738d6325963ff6af263"},"potentialAction":[{"@type":"SearchAction","target":{"@type":"EntryPoint","urlTemplate":"https:\/\/erenyesilyurt.com\/?s={search_term_string}"},"query-input":"required name=search_term_string"}],"inLanguage":"en-US"},{"@type":["Person","Organization"],"@id":"https:\/\/erenyesilyurt.com\/#\/schema\/person\/ff31a9b0cf4c3738d6325963ff6af263","name":"erenyesilyurt.com","image":{"@type":"ImageObject","inLanguage":"en-US","@id":"https:\/\/erenyesilyurt.com\/#\/schema\/person\/image\/","url":"https:\/\/erenyesilyurt.com\/wp-content\/litespeed\/avatar\/ae4ccefc8034a37e9d6597a872ea3007.jpg?ver=1777228074","contentUrl":"https:\/\/erenyesilyurt.com\/wp-content\/litespeed\/avatar\/ae4ccefc8034a37e9d6597a872ea3007.jpg?ver=1777228074","caption":"erenyesilyurt.com"},"logo":{"@id":"https:\/\/erenyesilyurt.com\/#\/schema\/person\/image\/"},"sameAs":["http:\/\/erenyesilyurt.com"],"url":"https:\/\/erenyesilyurt.com\/index.php\/author\/erenyesilyurt-com\/"}]}},"jetpack_featured_media_url":"https:\/\/erenyesilyurt.com\/wp-content\/uploads\/2024\/11\/foro-milanesi-1.jpg.webp","jetpack_sharing_enabled":true,"_links":{"self":[{"href":"https:\/\/erenyesilyurt.com\/index.php\/wp-json\/wp\/v2\/posts\/1892","targetHints":{"allow":["GET"]}}],"collection":[{"href":"https:\/\/erenyesilyurt.com\/index.php\/wp-json\/wp\/v2\/posts"}],"about":[{"href":"https:\/\/erenyesilyurt.com\/index.php\/wp-json\/wp\/v2\/types\/post"}],"author":[{"embeddable":true,"href":"https:\/\/erenyesilyurt.com\/index.php\/wp-json\/wp\/v2\/users\/1"}],"replies":[{"embeddable":true,"href":"https:\/\/erenyesilyurt.com\/index.php\/wp-json\/wp\/v2\/comments?post=1892"}],"version-history":[{"count":1,"href":"https:\/\/erenyesilyurt.com\/index.php\/wp-json\/wp\/v2\/posts\/1892\/revisions"}],"predecessor-version":[{"id":1893,"href":"https:\/\/erenyesilyurt.com\/index.php\/wp-json\/wp\/v2\/posts\/1892\/revisions\/1893"}],"wp:featuredmedia":[{"embeddable":true,"href":"https:\/\/erenyesilyurt.com\/index.php\/wp-json\/wp\/v2\/media\/1760"}],"wp:attachment":[{"href":"https:\/\/erenyesilyurt.com\/index.php\/wp-json\/wp\/v2\/media?parent=1892"}],"wp:term":[{"taxonomy":"category","embeddable":true,"href":"https:\/\/erenyesilyurt.com\/index.php\/wp-json\/wp\/v2\/categories?post=1892"},{"taxonomy":"post_tag","embeddable":true,"href":"https:\/\/erenyesilyurt.com\/index.php\/wp-json\/wp\/v2\/tags?post=1892"}],"curies":[{"name":"wp","href":"https:\/\/api.w.org\/{rel}","templated":true}]}}