{"id":2099,"date":"2024-11-07T09:52:00","date_gmt":"2024-11-07T06:52:00","guid":{"rendered":"https:\/\/erenyesilyurt.com\/?p=2099"},"modified":"2025-02-09T11:57:53","modified_gmt":"2025-02-09T08:57:53","slug":"aldo-braccio-penso-che-una-unione-mediterranea-sia-quanto-mai-opportuna-purche-realmente-autonoma-e-dotata-di-volonta-politica","status":"publish","type":"post","link":"https:\/\/erenyesilyurt.com\/index.php\/2024\/11\/07\/aldo-braccio-penso-che-una-unione-mediterranea-sia-quanto-mai-opportuna-purche-realmente-autonoma-e-dotata-di-volonta-politica\/","title":{"rendered":"Aldo Braccio: Penso che una Unione Mediterranea sia quanto mai opportuna, purch\u00e9 realmente autonoma e dotata di volont\u00e0 politica"},"content":{"rendered":"\n<p>In Italia esistono molti studi diversi nel campo della geopolitica. Qualunque sia l&#8217;approccio di base di questi studi, quando si parla di Turchia, l&#8217;interesse del pubblico italiano \u00e8 sempre vivo. Sebbene il libro di Aldo Braccio Turchia, ponte d&#8217;Eurasia sia stato pubblicato nel 2014, \u00e8 singolare che non ci sia stata una recensione significativa o un articolo di cronaca al riguardo nonostante siano passati 11 anni da allora.Abbiamo realizzato un&#8217;intervista con Aldo Braccio sul suo libro Turchia, ponte d&#8217;Eurasia<strong><em>.<\/em><\/strong><\/p>\n\n\n\n<p><strong><em>Cominciamo a conoscerla. Come scrittore italiano, come \u00e8 nato il suo interesse per la Turchia e cosa ha scoperto durante questo percorso? Cosa l&#8217;ha spinta a scrivere un libro sulla Turchia?<\/em><\/strong><\/p>\n\n\n<div class=\"wp-block-image\">\n<figure class=\"alignright size-full is-resized\"><img loading=\"lazy\" decoding=\"async\" width=\"626\" height=\"962\" src=\"http:\/\/erenyesilyurt.com\/wp-content\/uploads\/2025\/01\/Ekran-Resmi-2025-01-29-00.00.44.png\" alt=\"\" class=\"wp-image-2095\" style=\"width:407px;height:auto\" srcset=\"https:\/\/erenyesilyurt.com\/wp-content\/uploads\/2025\/01\/Ekran-Resmi-2025-01-29-00.00.44.png 626w, https:\/\/erenyesilyurt.com\/wp-content\/uploads\/2025\/01\/Ekran-Resmi-2025-01-29-00.00.44-195x300.png 195w, https:\/\/erenyesilyurt.com\/wp-content\/uploads\/2025\/01\/Ekran-Resmi-2025-01-29-00.00.44-500x768.png 500w\" sizes=\"auto, (max-width: 626px) 100vw, 626px\" \/><\/figure>\n<\/div>\n\n\n<p>Il mio interesse e la mia considerazione per la Turchia nasce dall\u2019amore per questa terra e per questo popolo: da 35 anni, con regolarit\u00e0 annuale, mi reco a visitare il Paese, a est come a ovest, comprovandone l\u2019immutata ospitalit\u00e0. A parte questo, la Turchia \u00e8 estremamente interessante come crocevia di storia e di cultura che svela tante vestigia del Sacro e della Tradizione, con testimonianze plurime di civilt\u00e0 diverse. Nel mio piccolo saggio e nei tanti articoli pubblicati sul tema Turchia ho cercato di porre in rilievo il ruolo importante, fondamentale di questa nazione nel dialogo fra le due parti del grande ecumene euroasiatico, ossia l\u2019Europa e l\u2019Asia. Chi invece non riconosce tale ruolo fondamentale, n\u00e9 riconosce l\u2019unit\u00e0 essenziale del continente euroasiatico, mira ad ancorare&nbsp; la Turchia a un sistema \u201coccidentale\u201d a guida egemonica nordamericana in funzione antiasiatica e anche antiislamica , secondo i dettami di un insidioso \u201claicismo\u201d relativista.<\/p>\n\n\n\n<p><strong><em>Nel suo libro fa riferimento alla \u201cProfondit\u00e0 strategica\u201d di Ahmet Davuto\u011flu. Sebbene l&#8217;interesse per quest&#8217;opera sia diminuito a causa degli sviluppi politici della Turchia di oggi, cosa l&#8217;ha attratta di questo libro? Ritiene che il concetto di \u201cprofondit\u00e0 strategica\u201d sia ancora valido?<\/em><\/strong><\/p>\n\n\n\n<p>Ritengo che gli elementi fondamentali di Stratejik derinlik: T\u00fcrkiye\u2019nin uluslararas\u0131 konumu siano tuttora assolutamente validi, indipendentemente dall\u2019evoluzione della carriera politica di Davuto\u011flu.<\/p>\n\n\n\n<p>La Turchia si \u00e8 trovata nella necessit\u00e0 di colmare in qualche modo il vuoto lasciato dalla scomparsa dell\u2019impero ottomano, ricercando una continuit\u00e0 fra esperienza imperiale ed esperienza repubblicana, il che significa non pedissequa e anacronistica imitazione dell\u2019impero bens\u00ec rispetto della propria illustre eredit\u00e0 storica e atteggiamento geopolitico propositivo. Per arrivare a ci\u00f2, ricorda nella sua opera Davuto\u011flu , occorre il formarsi di una comunit\u00e0 spirituale: \u201cUno Stato che non coltiva nel profondo un popolo, e che non plasma una comunit\u00e0 spirituale \u2013 sulla base di valori condivisi \u2013 non \u00e8 altro che forza bruta\u201d. Grazie alla sua posizione geostrategica,&nbsp; arricchita dalla sua profondit\u00e0 storica, la Turchia pu\u00f2 avere un ruolo di ponte mediatore in una vasta area comprendente il Vicino e Medio Oriente, l\u2019Europa mediterranea, il mar Nero e il centro Asia. Il principio di \u201czero problemi con i vicini\u201d diventa fondamentale per rafforzare la centralit\u00e0 strategica della Turchia, per accrescerne ulteriormente l\u2019autorevolezza; sul piano interno esso va tradotto \u2013 ed \u00e8 stato positivamente tradotto, dai governi AKP \u2013 nel rispetto delle identit\u00e0 etniche e religiose presenti all\u2019interno del territorio nazionale.<\/p>\n\n\n\n<p>Nell\u2019analisi di Stratejik derinlik, fra altri aspetti interessanti, si segnala quello dei \u201ctriangoli strategici\u201d, che individua in Turchia, Iran ed Egitto \u2013 \u201cbacino anatolico- mesopotamico settentrionale, bacino iranico-mesopotamico meridionale e bacino nilotico \u2013 i grandi attori regionali dell\u2019area; all\u2019interno di tale triangolo maggiore troverebbero armonica collocazione altri Stati costituenti triangoli minori. Davuto\u011flu nella sua opera segnala come particolarmente auspicabile per la Turchia la triangolazione con Iran e Siria, e oggi pi\u00f9 che mai sarebbe opportuna la collaborazione fra questi Stati per fronteggiare le folli derive belliciste continuamente rilanciate dall\u2019Occidente.&nbsp;<\/p>\n\n\n\n<p><strong><em>Perch\u00e9 la Turchia \u00e8 un Paese cos\u00ec importante per il concetto di eurasiatismo? Con la sua posizione geopolitica e la sua prospettiva storica, qual \u00e8 il ruolo strategico della Turchia nella regione eurasiatica e come si sta delineando?<\/em><\/strong><\/p>\n\n\n\n<p>La Turchia di per s\u00e9 rappresenta una sorta di riassunto euroasiatico: vi sono infatti elementi europei ed elementi asiatici che convivono a fianco senza problemi . La storia antica dell\u2019Asia Minore \u00e8 intersecata con quella europea, greca in particolare; nell\u2019attuale territorio turco sono nati Omero, Erodoto, Talete, Senofonte, Eraclito, Epiteto, Anassimandro, e potremmo continuare. Costantinopoli\/Istanbul \u00e8 la Seconda Roma, qui l\u2019impero Romano prosegu\u00ec il suo cammino eterno nella sua versione bizantina e poi in quella ottomana (per spostare&nbsp; poi la sua sede a Mosca, la terza Roma).<\/p>\n\n\n\n<p>Il diplomatico e giornalista italiano Antonio Baratta scriveva nel 1831: \u201cE\u2019 cosa positiva, quantunque non tutti lo sappiano, che i turchi, lungi dal trattare i greci da nemici e da vinti, li colmarono in ogni tempo di grazie, di ricchezze, di onori. Senza parlare dei principi di Valacchia e di Moldavia, conservati sovrani, la nobilt\u00e0 greca, superba abitatrice del Fanale (ndr: borgo di Costantinopoli vicino al mare), fu ammessa costantemente all&#8217;intima confidenza del Divano, ricopr\u00ec in ogni tempo le pi\u00f9 alte cariche diplomatiche dell&#8217;impero, ammass\u00f2 ricchezza immense nel loro esercizio e govern\u00f2 di fatto coloro medesimi che la governavano di nome\u201d.<\/p>\n\n\n\n<p>La Turchia ha rappresentato per la religione cristiana una vera e propria culla e un fondamentale centro di propulsione; l\u2019Islam ha sempre convissuto con essa con grande rispetto e spirito di collaborazione.<\/p>\n\n\n\n<p>Tutto questo per sottolineare l\u2019importanza probabilmente impareggiabile della Turchia nel favorire il dialogo euroasiatico, l\u2019incontro fra popoli e religioni diverse. Purtroppo da parte dell\u2019Unione Europea si ha invece un\u2019ostilit\u00e0 preconcetta e ideologica nei confronti di Ankara, che \u00e8&nbsp; funzionale ai piani occidentali e atlantisti, sempre pronti a sottomettere e a cancellare ogni pulsione di sovranit\u00e0 in giro per il mondo.<\/p>\n\n\n\n<p><strong><em>Ritiene che oggi sia necessaria un&#8217;unione mediterranea? Quali dovrebbero essere le basi teoriche per la creazione di tale unione e perch\u00e9 non \u00e8 stata fortemente realizzata nella pratica? Quali ostacoli o opportunit\u00e0 esistono a questo proposito?<\/em><\/strong><\/p>\n\n\n\n<p>Penso che una Unione Mediterranea sia quanto mai opportuna, purch\u00e9 realmente autonoma e dotata di volont\u00e0 politica. Certamente tale non \u00e8 l\u2019Unione per il Mediterraneo (UpM) istituita nel 2008 e per opinione comune fallita sotto ogni aspetto. Noi assistiamo oggi a un vero e proprio disastro mediterraneo, tra&nbsp; guerre, crisi economiche, povert\u00e0 e flussi immigratori incontrollati, funzionali solo a chi sfrutta&nbsp; l\u2019esercito di schiavi&nbsp; strappati alle loro terre.<\/p>\n\n\n\n<p>La difesa delle identit\u00e0 mediterranee potrebbe essere la base teorica generale cui aggrapparsi, ma sarebbe necessaria, da parte soprattutto europea, consapevolezza di quali siano le proprie radici. Nei Paesi europei invece prevale la concezione occidentalista secondo cui il Vecchio Continente deve essere solidale innanzitutto con gli Stati Uniti d\u2019America, seguendone \u201cvalori\u201d e dettami. Ma gli Stati Uniti sono il principale responsabile del disastro mediterraneo: da una parte sfruttando e riducendo in miseria, con la globalizzazione, interi popoli&nbsp; &#8211; causando cos\u00ec le premesse dell\u2019immigrazione selvaggia in corso \u2013 dall\u2019altra con interventi militari e guerre sulla pelle dei popoli mediterranei (Palestina, Libia, Siria, Libano). A questo proposito risulta ovvio sottolineare che senza che sia resa giustizia all\u2019oppresso, martoriato da oltre 70 anni popolo palestinese \u2013 vittima della criminale, ripetuta aggressione sionista \u2013 sar\u00e0 ben difficile dare un equilibrio al mondo mediterraneo. Ma, anche qui, non sembra che i Paesi europei \u2013 e per la verit\u00e0 anche qualche altro Paese mediterraneo \u2013 siano molto sensibili alla questione, preferendo ripiegare sulla cosiddetta \u201csicurezza di Israele\u201d. E\u2019 necessario insomma ridare centralit\u00e0 e sovranit\u00e0 alla regione mediterranea, su basi nuove e pi\u00f9 salde. Accennando alla Turchia, sarebbe necessario da parte europea un dialogo rispettoso e senza pregiudizi, in luogo della chiusura ideologica alquanto miope che essi dimostrano, fra l\u2019altro andando anche contro i loro stessi interessi.<\/p>\n\n\n\n<p><strong><em>Guardando agli sviluppi della regione, quali giorni geopolitici attendono la Turchia?<\/em><\/strong><\/p>\n\n\n\n<p>Sono pienamente convinto che la Turchia sia consapevole dell\u2019attuale fase geopolitica. In poche parole: il passaggio da un mondo unipolare \u2013 dominato dagli Stati Uniti, coi suoi alleati\/sudditi al seguito, soprattutto Regno Unito, Unione Europea, Israele, quest\u2019ultimo fondamentale sul piano ideologico\/culturale e su quello del ricatto psicologico \u2013 a un mondo multipolare, pi\u00f9 equilibrato e rispettoso delle diversit\u00e0. La \u201cglobalizzazione\u201d di marca americana ha causato infiniti danni al mondo intero favorendo invece la speculazione finanziaria e gli interessi di pochi, anzi di pochissimi.<\/p>\n\n\n\n<p>Globalizzazione fa rima con frammentazione: la demolizione \u2013 con le buone o con le cattive \u2013 delle sovranit\u00e0 nazionali favorisce il dominio unipolare statunitense, che nell\u2019area mediterranea\/vicinorientale si traduce nell\u2019arrogante predominio sionista. I recenti eventi in Siria ne sono purtroppo una tragica rappresentazione: la Turchia in questo senso ha un ruolo chiave e dovrebbe chiaramente schierarsi per la sovranit\u00e0 siriana \u2013 indipendentemente da chi sia al governo \u2013 e contro questo stato di guerra infinita che rende pi\u00f9 deboli tutti i popoli dell\u2019area, a esclusivo beneficio degli Stati Uniti e di Israele. La conflittualit\u00e0 turco-siriana \u2013 in particolare fra il 2012 e il 2016 \u2013 ha reso un pessimo servizio a tutto il Vicino Oriente, contraddicendo in pieno la dottrina della profondit\u00e0 strategica&nbsp;<\/p>\n\n\n\n<p>D\u2019altra parte non mancano \u2013 anzi, sono frequenti \u2013 le attestazioni della diffidenza e del disprezzo atlantista nei confronti della Turchia. Cito ad esempio \u2013 testualmente &#8211; il saggista francese Jean-Fran\u00e7ois Colosimo a proposito di quelli che definisce i nuovi dispotismi : \u201cCina , Russia , Turchia , Iran e India vogliono spartirsi il mondo e sono accomunati dall&#8217;odio verso l&#8217;Occidente\u201d; e addirittura: \u201cLa rinascita delle religioni, degli imperi e della barbarie sono la stessa cosa\u201d ! Analogamente l\u2019intellettuale americano Steve Bannon ha puntato il dito contro \u201ctre nazioni \u2013 Turchia, Iran e Cina \u2013 frutto di civilt\u00e0 antiche e pugnaci, ed estranee alla cultura giudeo-cristiana (\u2026) i veri nemici sono a Pechino, Teheran e Ankara, e ci stanno aggredendo (sic) nel mar della Cina, nel Golfo e nel Mediterraneo \u201c.<\/p>\n\n\n\n<p>Chiss\u00e0 che non avesse ragione Samuel Huntington allorch\u00e9 nei 1996 si interrogava: \u201cCosa accadrebbe se la Turchia mutasse la propria identit\u00e0 ? Prima o poi potrebbe decidere di abbandonare il proprio umiliante e frustrante ruolo di mendicante che implora di essere ammesso in Occidente e riappropriarsi del ben pi\u00f9 prestigioso ruolo storico di principale interlocutore islamico e antagonista dell\u2019Occidente\u201d. A distanza di anni, la richiesta stessa di fare parte di un\u2019organizzazione come i BRICS d\u00e0 un segno della consapevolezza turca del mondo che cambia e che \u00e8 necessario cambiare.<\/p>\n\n\n\n<p><strong><em>Il pensiero politico in Italia \u00e8 spesso attribuito a Machiavelli. Come si sta sviluppando il pensiero geopolitico nel suo Paese? Quali nomi o tendenze spiccano in questo campo?<\/em><\/strong><\/p>\n\n\n\n<p>Machiavelli, s\u00ec, \u00e8 un illustre progenitore \u2026 Molti se ne ricordano come di un opportunista al limite del cinismo ma lui non scrisse mai che il fine giustifica i mezzi, semmai che nobili fini sono&nbsp; superiori ai mezzi. E scrisse anche che mantenere incorrotte le cerimonie religiose, e tenerle sempre in venerazione, \u00e8 priorit\u00e0 assoluta di ogni Stato.<\/p>\n\n\n\n<p>Vorrei ricordare chi diede vita alla disciplina geopolitica in Italia, Ernesto Massi, che tra il 1939 e il 1942 diresse assieme a Giorgio Roletto la rivista \u201cGeopolitica\u201d, fortemente voluta dal ministro dell\u2019Educazione Nazionale Bottai. In merito al Mediterraneo, di cui prima abbiamo discusso, Massi scriveva che \u201cl\u2019unit\u00e0 mediterranea non \u00e8 nei caratteri naturali dell\u2019ambiente, ma \u00e8 tenace creazione dell\u2019uomo mediterraneo: non \u00e8 geografia, \u00e8 geopolitica\u201d. Lo stesso Massi, che sub\u00ec nel dopoguerra un\u2019ingiusta epurazione durata una decina di anni, rilanci\u00f2 negli anni Ottanta gli studi di geopolitica in Italia. Voglio ricordare anche il nome di Carlo Terracciano, che a cavallo tra il secolo scorso e l\u2019attuale elabor\u00f2 in chiave euroasiatista la dottrina geopolitica, con uno studio attento dei classici della geopolitica. Infine, senza trascurare i meriti della celebre rivista \u201cLimes\u201d, forse pi\u00f9 ascrivibili al ramo della politica internazionale pi\u00f9 che della geopolitica, segnalo gli studi dell\u2019ISPI (Istituto per gli studi di politica internazionale) ed \u201cEurasia \u2013 rivista di studi geopolitici\u201d, che da venti anni sotto la guida infaticabile di Claudio Mutti diffonde studi e analisi proponendo un\u2019interpretazione della realt\u00e0 politica mondiale multipolare; un approccio rivolto, pi\u00f9 che a un universo, a un \u201cpluriverso\u201d che rispetti civilt\u00e0 e identit\u00e0 diverse in una prospettiva di liberazione&nbsp;<\/p>\n","protected":false},"excerpt":{"rendered":"<p>In Italia esistono molti studi diversi nel campo della geopolitica. Qualunque sia l&#8217;approccio di base di questi studi, quando si parla di Turchia, l&#8217;interesse del pubblico italiano \u00e8 sempre vivo. Sebbene il libro di Aldo Braccio Turchia, ponte d&#8217;Eurasia sia stato pubblicato nel 2014, \u00e8 singolare che non ci sia stata una recensione significativa o&#8230; <span class=\"more\"><a class=\"more-link\" href=\"https:\/\/erenyesilyurt.com\/index.php\/2024\/11\/07\/aldo-braccio-penso-che-una-unione-mediterranea-sia-quanto-mai-opportuna-purche-realmente-autonoma-e-dotata-di-volonta-politica\/\">Continue reading <span class=\"meta-nav\">&#8594;<\/span><\/a><\/span><\/p>\n","protected":false},"author":1,"featured_media":2103,"comment_status":"open","ping_status":"open","sticky":false,"template":"","format":"standard","meta":{"_jetpack_memberships_contains_paid_content":false,"footnotes":""},"categories":[65,68],"tags":[],"class_list":["post-2099","post","type-post","status-publish","format-standard","has-post-thumbnail","hentry","category-english-other-languages","category-other-languages"],"yoast_head":"<!-- This site is optimized with the Yoast SEO plugin v22.1 - https:\/\/yoast.com\/wordpress\/plugins\/seo\/ -->\n<title>Aldo Braccio: Penso che una Unione Mediterranea sia quanto mai opportuna, purch\u00e9 realmente autonoma e dotata di volont\u00e0 politica - Eren Ye\u015filyurt<\/title>\n<meta name=\"robots\" content=\"index, follow, max-snippet:-1, max-image-preview:large, max-video-preview:-1\" \/>\n<link rel=\"canonical\" href=\"https:\/\/erenyesilyurt.com\/index.php\/2024\/11\/07\/aldo-braccio-penso-che-una-unione-mediterranea-sia-quanto-mai-opportuna-purche-realmente-autonoma-e-dotata-di-volonta-politica\/\" \/>\n<meta property=\"og:locale\" content=\"en_US\" \/>\n<meta property=\"og:type\" content=\"article\" \/>\n<meta property=\"og:title\" content=\"Aldo Braccio: Penso che una Unione Mediterranea sia quanto mai opportuna, purch\u00e9 realmente autonoma e dotata di volont\u00e0 politica - Eren Ye\u015filyurt\" \/>\n<meta property=\"og:description\" content=\"In Italia esistono molti studi diversi nel campo della geopolitica. Qualunque sia l&#8217;approccio di base di questi studi, quando si parla di Turchia, l&#8217;interesse del pubblico italiano \u00e8 sempre vivo. Sebbene il libro di Aldo Braccio Turchia, ponte d&#8217;Eurasia sia stato pubblicato nel 2014, \u00e8 singolare che non ci sia stata una recensione significativa o... Continue reading &#8594;\" \/>\n<meta property=\"og:url\" content=\"https:\/\/erenyesilyurt.com\/index.php\/2024\/11\/07\/aldo-braccio-penso-che-una-unione-mediterranea-sia-quanto-mai-opportuna-purche-realmente-autonoma-e-dotata-di-volonta-politica\/\" \/>\n<meta property=\"og:site_name\" content=\"Eren Ye\u015filyurt\" \/>\n<meta property=\"article:published_time\" content=\"2024-11-07T06:52:00+00:00\" \/>\n<meta property=\"article:modified_time\" content=\"2025-02-09T08:57:53+00:00\" \/>\n<meta property=\"og:image\" content=\"http:\/\/erenyesilyurt.com\/wp-content\/uploads\/2024\/11\/Ekran-Resmi-2025-01-29-00.01.14-1.png\" \/>\n\t<meta property=\"og:image:width\" content=\"637\" \/>\n\t<meta property=\"og:image:height\" content=\"483\" \/>\n\t<meta property=\"og:image:type\" content=\"image\/png\" \/>\n<meta name=\"author\" content=\"erenyesilyurt.com\" \/>\n<meta name=\"twitter:card\" content=\"summary_large_image\" \/>\n<meta name=\"twitter:label1\" content=\"Written by\" \/>\n\t<meta name=\"twitter:data1\" content=\"erenyesilyurt.com\" \/>\n\t<meta name=\"twitter:label2\" content=\"Est. reading time\" \/>\n\t<meta name=\"twitter:data2\" content=\"12 minutes\" \/>\n<script type=\"application\/ld+json\" class=\"yoast-schema-graph\">{\"@context\":\"https:\/\/schema.org\",\"@graph\":[{\"@type\":\"Article\",\"@id\":\"https:\/\/erenyesilyurt.com\/index.php\/2024\/11\/07\/aldo-braccio-penso-che-una-unione-mediterranea-sia-quanto-mai-opportuna-purche-realmente-autonoma-e-dotata-di-volonta-politica\/#article\",\"isPartOf\":{\"@id\":\"https:\/\/erenyesilyurt.com\/index.php\/2024\/11\/07\/aldo-braccio-penso-che-una-unione-mediterranea-sia-quanto-mai-opportuna-purche-realmente-autonoma-e-dotata-di-volonta-politica\/\"},\"author\":{\"name\":\"erenyesilyurt.com\",\"@id\":\"https:\/\/erenyesilyurt.com\/#\/schema\/person\/ff31a9b0cf4c3738d6325963ff6af263\"},\"headline\":\"Aldo Braccio: Penso che una Unione Mediterranea sia quanto mai opportuna, purch\u00e9 realmente autonoma e dotata di volont\u00e0 politica\",\"datePublished\":\"2024-11-07T06:52:00+00:00\",\"dateModified\":\"2025-02-09T08:57:53+00:00\",\"mainEntityOfPage\":{\"@id\":\"https:\/\/erenyesilyurt.com\/index.php\/2024\/11\/07\/aldo-braccio-penso-che-una-unione-mediterranea-sia-quanto-mai-opportuna-purche-realmente-autonoma-e-dotata-di-volonta-politica\/\"},\"wordCount\":1997,\"commentCount\":0,\"publisher\":{\"@id\":\"https:\/\/erenyesilyurt.com\/#\/schema\/person\/ff31a9b0cf4c3738d6325963ff6af263\"},\"articleSection\":[\"English\/ Other Languages\",\"Other Languages\"],\"inLanguage\":\"en-US\",\"potentialAction\":[{\"@type\":\"CommentAction\",\"name\":\"Comment\",\"target\":[\"https:\/\/erenyesilyurt.com\/index.php\/2024\/11\/07\/aldo-braccio-penso-che-una-unione-mediterranea-sia-quanto-mai-opportuna-purche-realmente-autonoma-e-dotata-di-volonta-politica\/#respond\"]}]},{\"@type\":\"WebPage\",\"@id\":\"https:\/\/erenyesilyurt.com\/index.php\/2024\/11\/07\/aldo-braccio-penso-che-una-unione-mediterranea-sia-quanto-mai-opportuna-purche-realmente-autonoma-e-dotata-di-volonta-politica\/\",\"url\":\"https:\/\/erenyesilyurt.com\/index.php\/2024\/11\/07\/aldo-braccio-penso-che-una-unione-mediterranea-sia-quanto-mai-opportuna-purche-realmente-autonoma-e-dotata-di-volonta-politica\/\",\"name\":\"Aldo Braccio: Penso che una Unione Mediterranea sia quanto mai opportuna, purch\u00e9 realmente autonoma e dotata di volont\u00e0 politica - Eren Ye\u015filyurt\",\"isPartOf\":{\"@id\":\"https:\/\/erenyesilyurt.com\/#website\"},\"datePublished\":\"2024-11-07T06:52:00+00:00\",\"dateModified\":\"2025-02-09T08:57:53+00:00\",\"breadcrumb\":{\"@id\":\"https:\/\/erenyesilyurt.com\/index.php\/2024\/11\/07\/aldo-braccio-penso-che-una-unione-mediterranea-sia-quanto-mai-opportuna-purche-realmente-autonoma-e-dotata-di-volonta-politica\/#breadcrumb\"},\"inLanguage\":\"en-US\",\"potentialAction\":[{\"@type\":\"ReadAction\",\"target\":[\"https:\/\/erenyesilyurt.com\/index.php\/2024\/11\/07\/aldo-braccio-penso-che-una-unione-mediterranea-sia-quanto-mai-opportuna-purche-realmente-autonoma-e-dotata-di-volonta-politica\/\"]}]},{\"@type\":\"BreadcrumbList\",\"@id\":\"https:\/\/erenyesilyurt.com\/index.php\/2024\/11\/07\/aldo-braccio-penso-che-una-unione-mediterranea-sia-quanto-mai-opportuna-purche-realmente-autonoma-e-dotata-di-volonta-politica\/#breadcrumb\",\"itemListElement\":[{\"@type\":\"ListItem\",\"position\":1,\"name\":\"Anasayfa\",\"item\":\"https:\/\/erenyesilyurt.com\/\"},{\"@type\":\"ListItem\",\"position\":2,\"name\":\"Aldo Braccio: Penso che una Unione Mediterranea sia quanto mai opportuna, purch\u00e9 realmente autonoma e dotata di volont\u00e0 politica\"}]},{\"@type\":\"WebSite\",\"@id\":\"https:\/\/erenyesilyurt.com\/#website\",\"url\":\"https:\/\/erenyesilyurt.com\/\",\"name\":\"Eren Ye\u015filyurt\",\"description\":\"Lux venit ab alto\",\"publisher\":{\"@id\":\"https:\/\/erenyesilyurt.com\/#\/schema\/person\/ff31a9b0cf4c3738d6325963ff6af263\"},\"potentialAction\":[{\"@type\":\"SearchAction\",\"target\":{\"@type\":\"EntryPoint\",\"urlTemplate\":\"https:\/\/erenyesilyurt.com\/?s={search_term_string}\"},\"query-input\":\"required name=search_term_string\"}],\"inLanguage\":\"en-US\"},{\"@type\":[\"Person\",\"Organization\"],\"@id\":\"https:\/\/erenyesilyurt.com\/#\/schema\/person\/ff31a9b0cf4c3738d6325963ff6af263\",\"name\":\"erenyesilyurt.com\",\"image\":{\"@type\":\"ImageObject\",\"inLanguage\":\"en-US\",\"@id\":\"https:\/\/erenyesilyurt.com\/#\/schema\/person\/image\/\",\"url\":\"https:\/\/erenyesilyurt.com\/wp-content\/litespeed\/avatar\/ae4ccefc8034a37e9d6597a872ea3007.jpg?ver=1777228074\",\"contentUrl\":\"https:\/\/erenyesilyurt.com\/wp-content\/litespeed\/avatar\/ae4ccefc8034a37e9d6597a872ea3007.jpg?ver=1777228074\",\"caption\":\"erenyesilyurt.com\"},\"logo\":{\"@id\":\"https:\/\/erenyesilyurt.com\/#\/schema\/person\/image\/\"},\"sameAs\":[\"http:\/\/erenyesilyurt.com\"],\"url\":\"https:\/\/erenyesilyurt.com\/index.php\/author\/erenyesilyurt-com\/\"}]}<\/script>\n<!-- \/ Yoast SEO plugin. -->","yoast_head_json":{"title":"Aldo Braccio: Penso che una Unione Mediterranea sia quanto mai opportuna, purch\u00e9 realmente autonoma e dotata di volont\u00e0 politica - Eren Ye\u015filyurt","robots":{"index":"index","follow":"follow","max-snippet":"max-snippet:-1","max-image-preview":"max-image-preview:large","max-video-preview":"max-video-preview:-1"},"canonical":"https:\/\/erenyesilyurt.com\/index.php\/2024\/11\/07\/aldo-braccio-penso-che-una-unione-mediterranea-sia-quanto-mai-opportuna-purche-realmente-autonoma-e-dotata-di-volonta-politica\/","og_locale":"en_US","og_type":"article","og_title":"Aldo Braccio: Penso che una Unione Mediterranea sia quanto mai opportuna, purch\u00e9 realmente autonoma e dotata di volont\u00e0 politica - Eren Ye\u015filyurt","og_description":"In Italia esistono molti studi diversi nel campo della geopolitica. Qualunque sia l&#8217;approccio di base di questi studi, quando si parla di Turchia, l&#8217;interesse del pubblico italiano \u00e8 sempre vivo. Sebbene il libro di Aldo Braccio Turchia, ponte d&#8217;Eurasia sia stato pubblicato nel 2014, \u00e8 singolare che non ci sia stata una recensione significativa o... Continue reading &#8594;","og_url":"https:\/\/erenyesilyurt.com\/index.php\/2024\/11\/07\/aldo-braccio-penso-che-una-unione-mediterranea-sia-quanto-mai-opportuna-purche-realmente-autonoma-e-dotata-di-volonta-politica\/","og_site_name":"Eren Ye\u015filyurt","article_published_time":"2024-11-07T06:52:00+00:00","article_modified_time":"2025-02-09T08:57:53+00:00","og_image":[{"width":637,"height":483,"url":"http:\/\/erenyesilyurt.com\/wp-content\/uploads\/2024\/11\/Ekran-Resmi-2025-01-29-00.01.14-1.png","type":"image\/png"}],"author":"erenyesilyurt.com","twitter_card":"summary_large_image","twitter_misc":{"Written by":"erenyesilyurt.com","Est. reading time":"12 minutes"},"schema":{"@context":"https:\/\/schema.org","@graph":[{"@type":"Article","@id":"https:\/\/erenyesilyurt.com\/index.php\/2024\/11\/07\/aldo-braccio-penso-che-una-unione-mediterranea-sia-quanto-mai-opportuna-purche-realmente-autonoma-e-dotata-di-volonta-politica\/#article","isPartOf":{"@id":"https:\/\/erenyesilyurt.com\/index.php\/2024\/11\/07\/aldo-braccio-penso-che-una-unione-mediterranea-sia-quanto-mai-opportuna-purche-realmente-autonoma-e-dotata-di-volonta-politica\/"},"author":{"name":"erenyesilyurt.com","@id":"https:\/\/erenyesilyurt.com\/#\/schema\/person\/ff31a9b0cf4c3738d6325963ff6af263"},"headline":"Aldo Braccio: Penso che una Unione Mediterranea sia quanto mai opportuna, purch\u00e9 realmente autonoma e dotata di volont\u00e0 politica","datePublished":"2024-11-07T06:52:00+00:00","dateModified":"2025-02-09T08:57:53+00:00","mainEntityOfPage":{"@id":"https:\/\/erenyesilyurt.com\/index.php\/2024\/11\/07\/aldo-braccio-penso-che-una-unione-mediterranea-sia-quanto-mai-opportuna-purche-realmente-autonoma-e-dotata-di-volonta-politica\/"},"wordCount":1997,"commentCount":0,"publisher":{"@id":"https:\/\/erenyesilyurt.com\/#\/schema\/person\/ff31a9b0cf4c3738d6325963ff6af263"},"articleSection":["English\/ Other Languages","Other Languages"],"inLanguage":"en-US","potentialAction":[{"@type":"CommentAction","name":"Comment","target":["https:\/\/erenyesilyurt.com\/index.php\/2024\/11\/07\/aldo-braccio-penso-che-una-unione-mediterranea-sia-quanto-mai-opportuna-purche-realmente-autonoma-e-dotata-di-volonta-politica\/#respond"]}]},{"@type":"WebPage","@id":"https:\/\/erenyesilyurt.com\/index.php\/2024\/11\/07\/aldo-braccio-penso-che-una-unione-mediterranea-sia-quanto-mai-opportuna-purche-realmente-autonoma-e-dotata-di-volonta-politica\/","url":"https:\/\/erenyesilyurt.com\/index.php\/2024\/11\/07\/aldo-braccio-penso-che-una-unione-mediterranea-sia-quanto-mai-opportuna-purche-realmente-autonoma-e-dotata-di-volonta-politica\/","name":"Aldo Braccio: Penso che una Unione Mediterranea sia quanto mai opportuna, purch\u00e9 realmente autonoma e dotata di volont\u00e0 politica - Eren Ye\u015filyurt","isPartOf":{"@id":"https:\/\/erenyesilyurt.com\/#website"},"datePublished":"2024-11-07T06:52:00+00:00","dateModified":"2025-02-09T08:57:53+00:00","breadcrumb":{"@id":"https:\/\/erenyesilyurt.com\/index.php\/2024\/11\/07\/aldo-braccio-penso-che-una-unione-mediterranea-sia-quanto-mai-opportuna-purche-realmente-autonoma-e-dotata-di-volonta-politica\/#breadcrumb"},"inLanguage":"en-US","potentialAction":[{"@type":"ReadAction","target":["https:\/\/erenyesilyurt.com\/index.php\/2024\/11\/07\/aldo-braccio-penso-che-una-unione-mediterranea-sia-quanto-mai-opportuna-purche-realmente-autonoma-e-dotata-di-volonta-politica\/"]}]},{"@type":"BreadcrumbList","@id":"https:\/\/erenyesilyurt.com\/index.php\/2024\/11\/07\/aldo-braccio-penso-che-una-unione-mediterranea-sia-quanto-mai-opportuna-purche-realmente-autonoma-e-dotata-di-volonta-politica\/#breadcrumb","itemListElement":[{"@type":"ListItem","position":1,"name":"Anasayfa","item":"https:\/\/erenyesilyurt.com\/"},{"@type":"ListItem","position":2,"name":"Aldo Braccio: Penso che una Unione Mediterranea sia quanto mai opportuna, purch\u00e9 realmente autonoma e dotata di volont\u00e0 politica"}]},{"@type":"WebSite","@id":"https:\/\/erenyesilyurt.com\/#website","url":"https:\/\/erenyesilyurt.com\/","name":"Eren Ye\u015filyurt","description":"Lux venit ab alto","publisher":{"@id":"https:\/\/erenyesilyurt.com\/#\/schema\/person\/ff31a9b0cf4c3738d6325963ff6af263"},"potentialAction":[{"@type":"SearchAction","target":{"@type":"EntryPoint","urlTemplate":"https:\/\/erenyesilyurt.com\/?s={search_term_string}"},"query-input":"required name=search_term_string"}],"inLanguage":"en-US"},{"@type":["Person","Organization"],"@id":"https:\/\/erenyesilyurt.com\/#\/schema\/person\/ff31a9b0cf4c3738d6325963ff6af263","name":"erenyesilyurt.com","image":{"@type":"ImageObject","inLanguage":"en-US","@id":"https:\/\/erenyesilyurt.com\/#\/schema\/person\/image\/","url":"https:\/\/erenyesilyurt.com\/wp-content\/litespeed\/avatar\/ae4ccefc8034a37e9d6597a872ea3007.jpg?ver=1777228074","contentUrl":"https:\/\/erenyesilyurt.com\/wp-content\/litespeed\/avatar\/ae4ccefc8034a37e9d6597a872ea3007.jpg?ver=1777228074","caption":"erenyesilyurt.com"},"logo":{"@id":"https:\/\/erenyesilyurt.com\/#\/schema\/person\/image\/"},"sameAs":["http:\/\/erenyesilyurt.com"],"url":"https:\/\/erenyesilyurt.com\/index.php\/author\/erenyesilyurt-com\/"}]}},"jetpack_featured_media_url":"https:\/\/erenyesilyurt.com\/wp-content\/uploads\/2024\/11\/Ekran-Resmi-2025-01-29-00.01.14-1.png","jetpack_sharing_enabled":true,"_links":{"self":[{"href":"https:\/\/erenyesilyurt.com\/index.php\/wp-json\/wp\/v2\/posts\/2099","targetHints":{"allow":["GET"]}}],"collection":[{"href":"https:\/\/erenyesilyurt.com\/index.php\/wp-json\/wp\/v2\/posts"}],"about":[{"href":"https:\/\/erenyesilyurt.com\/index.php\/wp-json\/wp\/v2\/types\/post"}],"author":[{"embeddable":true,"href":"https:\/\/erenyesilyurt.com\/index.php\/wp-json\/wp\/v2\/users\/1"}],"replies":[{"embeddable":true,"href":"https:\/\/erenyesilyurt.com\/index.php\/wp-json\/wp\/v2\/comments?post=2099"}],"version-history":[{"count":1,"href":"https:\/\/erenyesilyurt.com\/index.php\/wp-json\/wp\/v2\/posts\/2099\/revisions"}],"predecessor-version":[{"id":2100,"href":"https:\/\/erenyesilyurt.com\/index.php\/wp-json\/wp\/v2\/posts\/2099\/revisions\/2100"}],"wp:featuredmedia":[{"embeddable":true,"href":"https:\/\/erenyesilyurt.com\/index.php\/wp-json\/wp\/v2\/media\/2103"}],"wp:attachment":[{"href":"https:\/\/erenyesilyurt.com\/index.php\/wp-json\/wp\/v2\/media?parent=2099"}],"wp:term":[{"taxonomy":"category","embeddable":true,"href":"https:\/\/erenyesilyurt.com\/index.php\/wp-json\/wp\/v2\/categories?post=2099"},{"taxonomy":"post_tag","embeddable":true,"href":"https:\/\/erenyesilyurt.com\/index.php\/wp-json\/wp\/v2\/tags?post=2099"}],"curies":[{"name":"wp","href":"https:\/\/api.w.org\/{rel}","templated":true}]}}