{"id":2583,"date":"2025-08-06T14:06:46","date_gmt":"2025-08-06T11:06:46","guid":{"rendered":"https:\/\/erenyesilyurt.com\/?p=2583"},"modified":"2025-08-06T14:11:46","modified_gmt":"2025-08-06T11:11:46","slug":"dan-bolton-siyah-caya-olan-talep-oldukca-yuksek-onemi-azaliyor-seklindeki-haberler-gercegi-yansitmiyor","status":"publish","type":"post","link":"https:\/\/erenyesilyurt.com\/index.php\/2025\/08\/06\/dan-bolton-siyah-caya-olan-talep-oldukca-yuksek-onemi-azaliyor-seklindeki-haberler-gercegi-yansitmiyor\/","title":{"rendered":"Dan Bolton: Siyah \u00e7aya olan talep olduk\u00e7a y\u00fcksek; &#8216;\u00f6nemi azal\u0131yor&#8217; \u015feklindeki haberler ger\u00e7e\u011fi yans\u0131tm\u0131yor"},"content":{"rendered":"\n<p>\u00c7ay ya\u015fam\u0131m\u0131z\u0131n vazge\u00e7ilmezi h\u00e2line geldi; T\u00fcrk \u00e7ay\u0131 ise d\u00fcnya \u00e7ay k\u00fclt\u00fcr\u00fc i\u00e7inde ayr\u0131cal\u0131kl\u0131 bir yere sahip.D\u00fcnyan\u0131n \u00f6nde gelen \u00e7ay uzmanlar\u0131ndan Dan Bolton ile \u00e7ay \u00fczerine keyifli bir sohbet ger\u00e7ekle\u015ftirdik. Bolton, y\u00f6netti\u011fi <a href=\"https:\/\/tea-biz.com\/\">TeaBiz<\/a> platformunda blog yaz\u0131lar\u0131 ve &#8220;Tea Biz Podcast&#8221; \u00fczerinden \u00e7ay end\u00fcstrisindeki geli\u015fmelerden g\u00fcmr\u00fck tarifelerine, mahsul raporlar\u0131ndan k\u00fclt\u00fcrel etkinliklere ve lojistik krizlere kadar pek \u00e7ok konuyu ele al\u0131yor.<\/p>\n\n\n\n<h3 class=\"wp-block-heading\"><strong><em>\u00c7aya ilginiz nas\u0131l ba\u015flad\u0131? \u00c7ay sizin i\u00e7in s\u0131radan bir i\u00e7ecek olmaktan nas\u0131l \u00e7\u0131kt\u0131?<\/em><\/strong><\/h3>\n\n\n\n<p>\u00c7ocuklu\u011fum Amerika&#8217;n\u0131n Ortabat\u0131 b\u00f6lgesindeki Kansas&#8217;ta ge\u00e7ti. Bu b\u00f6lgede, \u00f6zellikle yaz aylar\u0131nda gen\u00e7lerin en \u00e7ok tercih etti\u011fi i\u00e7ecek genellikle \u00e7ayd\u0131. Benim \u00e7ayla tan\u0131\u015fmam da so\u011fuk \u00e7ayla\u2014bizim &#8220;iced tea&#8221; dedi\u011fimiz i\u00e7ecekle\u2014ba\u015flad\u0131. Amerika&#8217;n\u0131n g\u00fcney eyaletlerinde \u00e7ay \u00f6nce s\u0131cak demlenir, ard\u0131ndan bol buzun \u00fczerine d\u00f6k\u00fcl\u00fcr ve ac\u0131l\u0131\u011f\u0131 bast\u0131rmak i\u00e7in bolca \u015feker eklenir. Kuzeyde ise, bizim ya\u015fad\u0131\u011f\u0131m\u0131z yerde, \u00e7ay \u015fekersiz i\u00e7ilir ve bu nedenle daha yumu\u015fak bir tada sahiptir. Yine de biz \u00e7ay\u0131, buzla bulu\u015ftu\u011funda aromas\u0131 bozulmas\u0131n diye normalden iki kat g\u00fc\u00e7l\u00fc demlemeye \u00f6zen g\u00f6sterirdik. Yedi \u00e7ocu\u011fun en b\u00fcy\u00fc\u011f\u00fcyd\u00fcm; okuldan gelince masaya oturur, barda\u011f\u0131 buzla doldurur ve \u00fczerine bu g\u00fc\u00e7l\u00fc demledi\u011fimiz \u00e7ay\u0131 d\u00f6kerdim.<\/p>\n\n\n\n<p>Annem b\u00fcy\u00fck bir cam kavanozu suyla doldurmam\u0131 isterdi. Bu kavanozu evin \u00f6n cephesindeki sineklikli verandaya koyard\u0131k; b\u00f6cek girmez ama g\u00fcne\u015f \u0131\u015f\u0131\u011f\u0131 girerdi. Kavanoz g\u00fcn boyu verandadaki bir bankta durur, g\u00fcne\u015fle demlenirdi. S\u0131cak demlemede \u00e7ay\u0131n h\u00fccre yap\u0131s\u0131 k\u0131r\u0131l\u0131r ve bile\u015fenler suya h\u0131zla ge\u00e7er; fakat ortam s\u0131cakl\u0131\u011f\u0131nda ya da g\u00fcne\u015f \u0131\u015f\u0131\u011f\u0131nda yap\u0131lan \u201csun tea\u201d demlemesi \u00e7ok daha yava\u015f ilerler. G\u00fcne\u015f suyu 50\u201360\u202f\u00b0C\u2019ye \u00e7\u0131kar\u0131r ama kaynama noktas\u0131na ula\u015ft\u0131rmaz; sabah sekizden \u00f6\u011fleden sonra \u00fc\u00e7e kadar yava\u015f yava\u015f demlenir. Renk a\u00e7\u0131s\u0131ndan zengin ama tanen seviyesi d\u00fc\u015f\u00fck bir \u00e7ay elde edilir \u00e7\u00fcnk\u00fc tanenler s\u0131cak suda daha kolay \u00e7\u00f6z\u00fcn\u00fcr. Bizim i\u00e7ti\u011fimiz \u015fey asl\u0131nda bug\u00fcnk\u00fc anlam\u0131yla \u201ccold brew\u201d \u00e7ayd\u0131: kafeini az, aromas\u0131 s\u0131n\u0131rl\u0131, buruklu\u011fu d\u00fc\u015f\u00fck bir i\u00e7ecek.<\/p>\n\n\n\n<p>Zamanla klasik kahvalt\u0131 \u00e7aylar\u0131n\u0131, siyah \u00e7aylar\u0131, sonra oolong ve \u00e7e\u015fitli ye\u015fil \u00e7aylar\u0131 ke\u015ffettim. Yine de yaz\u0131n h\u00e2l\u00e2 oda s\u0131cakl\u0131\u011f\u0131nda demledi\u011fim so\u011fuk \u00e7ay\u0131 i\u00e7erim. Kanada\u2019da ya\u015f\u0131yorum ve k\u0131\u015f\u0131n s\u0131cakl\u0131k \u201320\u202f\u00b0C&#8217;ye kadar d\u00fc\u015fer, kar g\u00fcnlerce erimez. Ekim ay\u0131ndan itibaren havalar so\u011fuyunca \u201cmevsimlik\u201d \u00e7aylara ge\u00e7erim. Wuyi Da\u011flar\u0131&#8217;ndan gelen sonbahar hasad\u0131 oolong \u00e7aylar\u0131, k\u0131\u015fa ge\u00e7i\u015f \u00e7aylar\u0131m olur. Kas\u0131m\u2013Ocak aras\u0131nda pu-erh, fu \u00e7ay\u0131 ve brick tea gibi g\u00f6vdeli, g\u00fc\u00e7l\u00fc \u00e7aylara y\u00f6nelirim; ayr\u0131ca bu d\u00f6nemde umami a\u00e7\u0131s\u0131ndan zengin gyokuro \u00e7ay\u0131n\u0131 da severim. Bahar aylar\u0131nda anji bai cha ve biluochun gibi taze \u00c7in ye\u015fil \u00e7aylar\u0131na geri d\u00f6nerim. Bu yolculukta favorim olan Keemun&#8217;u da unutmam. Y\u0131lda 25\u201330 farkl\u0131 \u00e7ay\u0131 denerim; tazelik ve mevsimsellik belirleyicidir. Darjeeling \u00e7aylar\u0131n\u0131 severim ama ilk hasat yerine muskat aromal\u0131 ikinci veya sonbahar hasad\u0131n\u0131 tercih ederim. \u00c7in siyah \u00e7aylar\u0131 i\u00e7inde neredeyse sadece Keemun i\u00e7erim; geri kalan zamanlarda ye\u015fil \u00e7ay, oolong ve kaya \u00e7aylar\u0131na odaklan\u0131r\u0131m.<\/p>\n\n\n\n<p>K\u0131sacas\u0131, \u00e7ayla yolculu\u011fum g\u00fcne\u015fte demlenen, tanensiz Ortabat\u0131 \u00e7ay\u0131yla ba\u015flad\u0131; bug\u00fcn ise y\u0131l\u0131n d\u00f6ng\u00fcs\u00fcne g\u00f6re yeni tatlar\u0131 ke\u015ffetmeye devam ediyorum.<\/p>\n\n\n\n<h3 class=\"wp-block-heading\"><strong><em>Farkl\u0131 b\u00f6lgelerdeki k\u00fclt\u00fcrler \u00e7aya nas\u0131l sayg\u0131 g\u00f6steriyor?<\/em><\/strong><\/h3>\n\n\n\n<p>\u00c7ay k\u00fclt\u00fcr\u00fcne sayg\u0131n\u0131n \u00f6l\u00e7\u00fctlerinden biri, insanlar \u00e7aya ne kadar para \u00f6d\u00fcyor diye bakmakt\u0131r. Japonya\u2019da az miktarda \u00e7aya 47 ABD dolar\u0131 \u00f6deniyor. \u00c7in\u2019de kaliteli bir \u00e7ay\u0131n 500 gram\u0131 35 dolara sat\u0131l\u0131yor. \u00c7ay\u0131n y\u00fcceltildi\u011fi k\u00fclt\u00fcrlerde fiyat da art\u0131yor. \u00d6rne\u011fin, \u00c7in\u2019de \u00e7ay pazar\u0131 110 milyar dolarken, Amerika&#8217;da bu pazar sadece 10 milyar dolar civar\u0131nda\u2014\u00c7in pazar\u0131 on kat daha b\u00fcy\u00fck. Bu da Japonya gibi \u00fclkelerde \u00e7ay\u0131n k\u00fclt\u00fcrel olarak ne kadar \u00f6nemli oldu\u011funu g\u00f6steriyor.<\/p>\n\n\n\n<p>Japonya\u2019da matcha \u00e7ay\u0131 son derece sayg\u0131 g\u00f6r\u00fcr; d\u00fcnyada yayg\u0131n \u015fekilde t\u00fcketilse de, Japonya\u2019da 30\u202f000 yen (yakla\u015f\u0131k 190\u202f$) alt\u0131nda sat\u0131lan matchalar genellikle d\u00fc\u015f\u00fck kalitelidir \u00e7\u00fcnk\u00fc y\u00fcksek kaliteli matcha satan herkes 30\u202f000 yenin alt\u0131nda fiyat belirlemez. Bu da k\u00fclt\u00fcr\u00fcn \u00e7aya verdi\u011fi de\u011ferin somut bir g\u00f6stergesidir.<\/p>\n\n\n\n<p>T\u00fcrkiye\u2019de ise y\u00fcksek kaliteli, organik ve de\u011ferli \u00e7ay miktar\u0131 s\u0131n\u0131rl\u0131d\u0131r; kilosu y\u00fczlerce dolara sat\u0131lan \u00e7aylar nadirdir. T\u00fcrkler \u00e7ay i\u00e7meye tutkuyla ba\u011fl\u0131d\u0131r\u2014k\u0131\u015f\u0131n g\u00fcnde on bardak, yaz\u0131n alt\u0131 bardak i\u00e7ilir\u2014ama pazar Japonya\u2019daki gibi segmentlere ayr\u0131lmam\u0131\u015ft\u0131r. T\u00fcrkiye\u2019de bir kafeye gidip \u201cBir bardak \u00e7aya 10 dolar \u00f6demek istiyorum\u201d derseniz, \u201cYok, bizim \u00e7ay daha ucuz\u201d derler ve iki dolara bir demlik \u00e7ay getirirler. Talep olmad\u0131\u011f\u0131 i\u00e7in \u00e7ok pahal\u0131 \u00e7ay stoklanmaz.<\/p>\n\n\n\n<p>Oysa Japonya\u2019da bir \u00e7ay d\u00fckk\u00e2n\u0131na girip \u201cChad\u014d (\u00e7ay yolu) standartlar\u0131na uygun, g\u00f6lgede yeti\u015fmi\u015f, Bat\u0131\u2019n\u0131n \u2018seremonial grade\u2019 dedi\u011fi d\u00fc\u015f\u00fck kalite de\u011fil, ger\u00e7ek matcha istiyorum\u201d derseniz, \u00e7ay\u0131n tad\u0131, parlak z\u00fcmr\u00fct rengi ve toz inceli\u011fi (on mikronun onda biri) gibi kriterler devreye girer. Bu e\u015fi\u011fi kar\u015f\u0131layan bir matcha i\u00e7in 30\u202f000 yenin alt\u0131nda fiyat belirlenmez; genelde 50\u201360\u202f000 yen (320\u2013380\u202f$) \u00f6dersiniz. Fiyat, k\u00fclt\u00fcr\u00fcn \u00e7aya duydu\u011fu sayg\u0131y\u0131 b\u00f6yle yans\u0131t\u0131r.<\/p>\n\n\n\n<h3 class=\"wp-block-heading\"><strong><em>Siyah \u00e7ay\u0131n aroma profilini etkileyen fakt\u00f6rler nelerdir?<\/em><\/strong><\/h3>\n\n\n\n<p>En \u00f6nemli unsur kesinlikle k\u00fcltivar (bitki \u00e7e\u015fidi) se\u00e7imidir. K\u0131y\u0131ya bakan y\u00fcksek da\u011fl\u0131k b\u00f6lgelerde k\u00fc\u00e7\u00fck, yo\u011fun yaprakl\u0131 <em>Camellia\u202fsinensis\u202fsinensis <\/em>yeti\u015fir. Daha s\u0131cak b\u00f6lgelerde ise daha b\u00fcy\u00fck ve ince yaprakl\u0131 assamica t\u00fcr\u00fc dikilir\u2014bu T\u00fcrkiye\u2019de yayg\u0131n de\u011fildir \u00e7\u00fcnk\u00fc iklim \u00e7ok s\u0131cak de\u011fil ama k\u0131y\u0131dan uzakla\u015ft\u0131k\u00e7a bu t\u00fcr gerekir. K\u00fc\u00e7\u00fck yaprakl\u0131 da\u011f \u00e7ay\u0131, su ve rak\u0131m olmadan geli\u015femez; bu y\u00fczden deniz kenar\u0131nda iyi yeti\u015fir.<\/p>\n\n\n\n<p>K\u00fcltivar se\u00e7iminin ard\u0131ndan \u201c\u0130klim de\u011fi\u015fikli\u011fi uzun vadede tar\u0131m\u0131m\u0131 nas\u0131l etkiler?\u201d sorusu sorulmal\u0131d\u0131r. Bu y\u00fczden AB serisi gibi kurakl\u0131\u011fa dayan\u0131kl\u0131 \u00e7e\u015fitlerin dikimini savunuyorum. Son y\u0131llarda kurak d\u00f6nemler ya\u015fand\u0131; pandemi s\u00fcrecinde d\u0131\u015f i\u015f g\u00fcc\u00fcyle yap\u0131lan yaprak toplama sistemi de aksad\u0131 ve \u00fcretim azald\u0131. Eski seviyelere d\u00f6nmek i\u00e7in, baz\u0131 b\u00f6lgelerde makineyle hasada uygun \u00e7e\u015fitler ekmeniz gerekir\u2014bu da\u011fl\u0131k alanlarda zordur ama T\u00fcrkiye\u2019de makine hasad\u0131n\u0131n iyi \u00e7al\u0131\u015ft\u0131\u011f\u0131 yerler var.<\/p>\n\n\n\n<p>Yine sinensis ailesi i\u00e7inde, fakat geleneksel \u00c7in tipi olmayan hangi \u00e7e\u015fit dikilebilir diye d\u00fc\u015f\u00fcn\u00fclmeli; \u00f6rne\u011fin Darjeeling b\u00f6lgesi AV1 k\u00fcltivar\u0131na ge\u00e7ti ve iyi sonu\u00e7lar ald\u0131\u2014\u00e7e\u015fitlilik azald\u0131 ama verim artt\u0131. Kurakl\u0131\u011fa dayan\u0131kl\u0131 \u00e7e\u015fitler ak\u0131ll\u0131 bir yat\u0131r\u0131md\u0131r.<\/p>\n\n\n\n<p>Yaprak boyutu ve lezzeti de \u00f6nemli: yapra\u011f\u0131n i\u00e7indeki bile\u015fenler mikro besinlere ve organik maddeye ihtiya\u00e7 duyar; topraklar t\u00fckeniyor. Bu y\u00fczden sadece mineral almak de\u011fil, topra\u011f\u0131 her y\u0131l biraz daha iyile\u015ftirmeyi hedefleyen \u201crejeneratif tar\u0131m\/toprak y\u00f6netimi\u201d anlay\u0131\u015f\u0131 benimsiyoruz. T\u00fcrkiye\u2019de uzun s\u00fcredir i\u015flenen topraklarda yo\u011fun azot g\u00fcbrelemesi bitkiyi h\u0131zl\u0131ca ye\u015fertir ama topra\u011f\u0131 yenilemez, biyolojik \u00e7e\u015fitlili\u011fi art\u0131rmaz.<\/p>\n\n\n\n<p>Monok\u00fclt\u00fcr do\u011fas\u0131 gere\u011fi topra\u011fa zarar verir; m\u0131s\u0131r, bu\u011fday veya \u00e7ay fark etmez, tek \u00fcr\u00fcn\u00fcn a\u015f\u0131r\u0131 y\u00fcklenmesi topra\u011f\u0131n nadir elementlerini ve minerallerini t\u00fcketir. Flora ve fauna birlikte ilerlemelidir; monok\u00fclt\u00fcr sorundur. \u00c7\u00f6z\u00fcm: \u00e7ay s\u0131ralar\u0131 aras\u0131na baklagil dikmek, organik maddeyi topra\u011fa geri d\u00f6nd\u00fcrmek, biochar yat\u0131r\u0131m\u0131 yapmak ve tarlaya kar\u0131\u015ft\u0131rmakt\u0131r. T\u00fcm bunlar \u00e7ay\u0131n aroma profilini etkiler\u2014hem de olumlu y\u00f6nde, \u00e7ay\u0131 daha lezzetli h\u00e2le getirir.<\/p>\n\n\n\n<h3 class=\"wp-block-heading\"><strong><em>T\u00fcrk \u00e7ay\u0131 ve \u00e7ay k\u00fclt\u00fcr\u00fc hakk\u0131nda ne d\u00fc\u015f\u00fcn\u00fcyorsunuz?<\/em><\/strong><\/h3>\n\n\n<div class=\"wp-block-image\">\n<figure class=\"alignright size-large is-resized\"><img loading=\"lazy\" decoding=\"async\" width=\"1024\" height=\"576\" src=\"https:\/\/erenyesilyurt.com\/wp-content\/uploads\/2025\/08\/WhatsApp-Image-2025-08-06-at-07.50.58-1024x576.jpeg\" alt=\"\" class=\"wp-image-2584\" style=\"width:463px;height:auto\" srcset=\"https:\/\/erenyesilyurt.com\/wp-content\/uploads\/2025\/08\/WhatsApp-Image-2025-08-06-at-07.50.58-1024x576.jpeg 1024w, https:\/\/erenyesilyurt.com\/wp-content\/uploads\/2025\/08\/WhatsApp-Image-2025-08-06-at-07.50.58-300x169.jpeg 300w, https:\/\/erenyesilyurt.com\/wp-content\/uploads\/2025\/08\/WhatsApp-Image-2025-08-06-at-07.50.58-768x432.jpeg 768w, https:\/\/erenyesilyurt.com\/wp-content\/uploads\/2025\/08\/WhatsApp-Image-2025-08-06-at-07.50.58-1000x563.jpeg 1000w, https:\/\/erenyesilyurt.com\/wp-content\/uploads\/2025\/08\/WhatsApp-Image-2025-08-06-at-07.50.58-500x281.jpeg 500w, https:\/\/erenyesilyurt.com\/wp-content\/uploads\/2025\/08\/WhatsApp-Image-2025-08-06-at-07.50.58.jpeg 1280w\" sizes=\"auto, (max-width: 1024px) 100vw, 1024px\" \/><\/figure>\n<\/div>\n\n\n<p>\u0130ki t\u00fcr \u00e7aydan s\u00f6z edebiliriz: harmanlanm\u0131\u015f (blended) ve harmanlanmam\u0131\u015f (unblended). T\u00fcrk pazar\u0131n\u0131 \u00f6rnek al\u0131rsak; benim de bir T\u00fcrk semaverim var ve t\u0131pk\u0131 T\u00fcrkler gibi \u00e7ay demliyorum. Semaverin g\u00fcc\u00fc, \u00fcstte yo\u011fun bir demleme yap\u0131p, alttaki s\u0131cak suyla \u00e7ay\u0131 suland\u0131rarak damak tad\u0131n\u0131za g\u00f6re ayarlayabilmenizdir. \u00c7ok sert demledi\u011finiz bir \u00e7ay\u0131 hafifleterek i\u00e7ebilirsiniz. Ben b\u00f6yle yapm\u0131yorum; T\u00fcrk \u00e7ay\u0131n\u0131 koyu i\u00e7meyi tercih ediyorum. Renginin derinli\u011fini ve Ortodoks i\u015fleni\u015fini takdir ediyorum. T\u00fcrk \u00e7ay\u0131nda g\u00f6zlemledi\u011fim profil cesur ve hafif tanenli; s\u00fct eklemem ama mutlaka \u015feker eklerim.<\/p>\n\n\n\n<p>T\u00fcrk \u00e7ay\u0131na \u015feker eklemek tanenlerden dolay\u0131 yayg\u0131nd\u0131r. Yan\u0131nda kurutulmu\u015f meyveler ya da \u015ferbetli tatl\u0131lar gibi yo\u011fun lezzetli yiyecekler t\u00fcketilir.<\/p>\n\n\n\n<p>Ben terroir (y\u00f6resel karakter) fikrini \u00e7ayda seviyorum. T\u00fcrkiye\u2019nin \u00fcretti\u011fi \u00e7ay\u2014\u00f6rne\u011fin G\u00fcrcistan, Ermenistan veya Azerbaycan\u2019daki Kafkas \u00e7aylar\u0131na k\u0131yasla\u2014daha rafine bir karaktere sahiptir. T\u00fcrkiye\u2019den kaliteli \u00e7ay \u00e7\u0131k\u0131yor ama \u00e7o\u011fu \u00e7ay, yiyeceklerle birlikte t\u00fcketilmek \u00fczere g\u00fc\u00e7l\u00fc ve g\u00f6vdeli olarak \u00fcretiliyor.<\/p>\n\n\n\n<p>Japonya ve \u00c7in\u2019de de bir\u00e7ok \u00e7ay yiyecek e\u015fli\u011finde t\u00fcketilir; ancak yasemin veya osmanthus gibi aromatik harmanlar genellikle hafif at\u0131\u015ft\u0131rmal\u0131klarla i\u00e7ilir, \u00e7ay\u0131n kendisini \u00f6ne \u00e7\u0131kar\u0131r. Benim T\u00fcrk \u00e7ay\u0131 deneyimim daha yo\u011fun bir lezzet; yan\u0131nda tatl\u0131 yemek ve i\u00e7ine \u015feker atmak isterim.<\/p>\n\n\n\n<p>T\u00fcrk \u00e7ay k\u00fclt\u00fcr\u00fcnde ki\u015fisel olarak sevdi\u011fim iki temel unsur var. Birincisi: ince belli zarif bardaklardan \u00fcst \u00fcste yerle\u015ftirilmi\u015f demliklere, re\u00e7ellik k\u00fc\u00e7\u00fck ka\u015f\u0131klardan k\u00fcp \u015fekerlere kadar uzanan g\u00f6z al\u0131c\u0131 \u00e7ay sunum setleri \u00e7ay\u0131n kendisini \u00f6ne \u00e7\u0131kar\u0131r. T\u00fcrkler i\u00e7in \u00e7ay bir \u201cbuz k\u0131r\u0131c\u0131d\u0131r\u201d; masadaki herkes \u00e7ay, servis tak\u0131m\u0131 ya da yan\u0131ndaki tatl\u0131 hakk\u0131nda bir \u015fey s\u00f6yler, sohbet dost\u00e7a ve a\u00e7\u0131k bir tonda ba\u015flar. Kar\u015f\u0131n\u0131zdakini hen\u00fcz tan\u0131m\u0131yorsan\u0131z, k\u0131yafeti hakk\u0131nda yorum yapmak risklidir; ama \u00e7ay hakk\u0131nda g\u00fczel bir s\u00f6z s\u00f6ylemek her zaman uygundur. Demleni\u015fi ve sunumu \u00f6v\u00fcl\u00fcr, sunana te\u015fekk\u00fcr edilir. Do\u011fru demlenmi\u015f her \u00e7ay keyiflidir\u2014kimisi ye\u015fil sever, kimisi oolong.<\/p>\n\n\n\n<p>\u0130kinci olarak sevdi\u011fim nokta: T\u00fcrk \u00e7ay k\u00fclt\u00fcr\u00fc son derece kamusald\u0131r. Bir T\u00fcrk kafesine girdi\u011finizde, kald\u0131r\u0131mlarda oturup ge\u00e7enleri izleyen insanlar g\u00f6r\u00fcrs\u00fcn\u00fcz; bu, \u0130talyan i\u00e7ecek k\u00fclt\u00fcr\u00fcne benzer. Frans\u0131zlar, \u0130talyanlar ve T\u00fcrkler canl\u0131 bir ortamda, bir\u2013iki tatl\u0131 e\u015fli\u011finde \u00e7ay i\u00e7meyi sever. \u0130nsanlar\u0131n y\u00fcr\u00fcd\u00fc\u011f\u00fc, arabalar\u0131n ge\u00e7ti\u011fi hareketli bir ortamda \u00e7ay i\u00e7ilir. Burada \u00e7ay bir sosyalle\u015fme bahanesidir: Mo\u011folistan\u2019da \u00e7ay daha \u00e7ok kalori i\u00e7in, Japonya\u2019da ise kat\u0131 rit\u00fcellerle i\u00e7ilirken; T\u00fcrkler \u00e7ay rit\u00fcelden \u00e7ok birlikte olma h\u00e2lini kutlar. Benim deneyimime g\u00f6re T\u00fcrkler konu\u015fkan ve co\u015fkuludur; elleriyle konu\u015furlar, birlikte enerji \u00fcretirler.<\/p>\n\n\n\n<h3 class=\"wp-block-heading\"><strong><em>Ortodoks \u00fcretim y\u00f6ntemi nedir?<\/em><\/strong><\/h3>\n\n\n\n<p>Elinizde bir \u00e7ay yapra\u011f\u0131 oldu\u011funda iki se\u00e7ene\u011finiz vard\u0131r. Yapra\u011f\u0131 \u00f6\u011f\u00fct\u00fcp toplu \u015fekilde i\u015fleyebilirsiniz\u2014bu, 1960\u2019larda yayg\u0131nla\u015fan ve \u00e7o\u011fu po\u015fet \u00e7ayda kullan\u0131lan \u201ccut, tear, curl\u201d (kes, y\u0131rt, k\u0131v\u0131r \u2013 CTC) y\u00f6ntemidir. Veya yapraklar\u0131 soldurup kendi \u00f6z suyunda dinlendirdikten sonra yuvarlayarak i\u015fleyebilirsiniz. Bu, geleneksel yani \u201cortodoks\u201d y\u00f6ntemle CTC aras\u0131ndaki temel farkt\u0131r.<\/p>\n\n\n\n<p>Ortodoks \u00e7ay elle, k\u00fc\u00e7\u00fck partiler h\u00e2linde \u00fcretilir; makineyle de yap\u0131labilir ama \u00f6ncelik \u00e7ay\u0131n aromas\u0131n\u0131 geli\u015ftirmek, sonra kurutup yuvarlamakt\u0131r. CTC\u2019de ise yaprak \u00f6nce gran\u00fcl h\u00e2line getirilir, sonra o formda fermente edilir ve oksitlenir.<\/p>\n\n\n\n<p>Yaprak b\u00fct\u00fcn kal\u0131r ve \u00f6yle i\u015flenirse bu \u201cortodoks\u201d y\u00f6ntemdir; yaprak kesilmi\u015f, k\u0131r\u0131lm\u0131\u015f ya da k\u00fc\u00e7\u00fclt\u00fclm\u00fc\u015fse \u201cCTC\u201d y\u00f6ntemidir. &#8220;Kes&#8221; (cut) terimi, yapra\u011f\u0131n kesildi\u011fini veya par\u00e7aland\u0131\u011f\u0131n\u0131 belirtir.<\/p>\n\n\n\n<h3 class=\"wp-block-heading\"><strong><em>Do\u011fu Karadeniz B\u00f6lgesi\u2019ndeki \u00e7ay tar\u0131m\u0131 hakk\u0131nda ne d\u00fc\u015f\u00fcn\u00fcyorsunuz?<\/em><\/strong><\/h3>\n\n\n\n<p>Bu b\u00f6lgede yeti\u015ftirilen \u00e7aylar\u0131n \u00e7o\u011fu siyah \u00e7aya d\u00f6n\u00fc\u015ft\u00fcr\u00fcl\u00fcr ve bu \u00e7ay t\u00fcrleri s\u0131cakl\u0131k u\u00e7lar\u0131na dayan\u0131kl\u0131 olmal\u0131d\u0131r. \u00d6rne\u011fin, G\u00fcney Hindistan ya da G\u00fcney \u00c7in\u2019den gelen bir\u00e7ok tropikal k\u00fcltivar\u0131 T\u00fcrkiye\u2019nin al\u00e7ak rak\u0131ml\u0131 ve so\u011fuk b\u00f6lgelerinde yeti\u015ftiremezsiniz. Bu y\u00fczden daha dayan\u0131kl\u0131, k\u0131\u015fa dayanabilen \u00e7ay t\u00fcrleri yeti\u015ftirilir; hava so\u011fuyunca yapraklar\u0131n\u0131 d\u00f6ken, ger\u00e7ekten mevsimsel bitkilerdir. D\u00fcnyan\u0131n bir\u00e7ok yerinde \u00e7ay hep ye\u015fildir\u2014yapraklar\u0131n\u0131 d\u00f6kmez, sadece y\u0131l\u0131n bir k\u0131sm\u0131nda dinlenir\u2014ama burada ger\u00e7ekten k\u0131\u015f\u0131n yapraklar d\u00f6k\u00fcl\u00fcr.<\/p>\n\n\n\n<p>Karadeniz ve sulak alanlar iklimi yumu\u015fat\u0131r; yama\u00e7lar suya yak\u0131nd\u0131r ve yakla\u015f\u0131k 1000 metre rak\u0131ma sahiptir. Bu ko\u015fullar Himalayalar\u2019da veya \u00c7in\u2019in y\u00fcksek da\u011flar\u0131nda 1800 metrede yeti\u015fen \u00e7aylardan olduk\u00e7a farkl\u0131 bir \u00e7ay profili \u00fcretir. Ortaya \u00e7\u0131kan \u00e7ay, \u00c7in tipi \u00e7aydan \u00e7ok Assam tipi\u2014Camellia assamica\u2014formuna yak\u0131nd\u0131r. \u00dcretim olduk\u00e7a gelenekseldir; modern, kurakl\u0131\u011fa dayan\u0131kl\u0131 AV serisi gibi k\u00fcltivarlar nadiren kullan\u0131l\u0131r, oysa bu t\u00fcrler \u00e7ift\u00e7ileri iklim de\u011fi\u015fikli\u011fine kar\u015f\u0131 korumak i\u00e7in geli\u015ftirilmi\u015ftir.<\/p>\n\n\n\n<h3 class=\"wp-block-heading\"><strong><em>T\u00fcrkler olarak&nbsp; siyah \u00e7aya s\u00fct katmay\u0131z. Peki s\u00fct siyah \u00e7ay\u0131n tad\u0131n\u0131 nas\u0131l de\u011fi\u015ftirir?<\/em><\/strong><\/h3>\n\n\n\n<p>S\u00fct, i\u00e7inde ya\u011f (kaymak, s\u00fct ya\u011f\u0131) bulunan bir em\u00fclsiyondur ve bu ya\u011f, \u00e7ay yapra\u011f\u0131ndan sal\u0131nan tanen molek\u00fcllerine ba\u011flan\u0131r; onlar\u0131 kaplar. B\u00f6ylece diliniz bu tanenleri do\u011frudan alg\u0131lamaz ve \u00e7ay\u0131n buruklu\u011fu hissedilmez. Bu s\u00fcre\u00e7, tanenlerin tad\u0131n\u0131 de\u011fi\u015ftirerek daha tereya\u011fl\u0131, ho\u015f bir lezzet verir ve \u00e7ay\u0131n biti\u015findeki keskinlik kaybolur. \u00c7ay ne kadar eski ve uzun s\u00fcre demlenmi\u015fse\u2014be\u015f ila yedi dakika gibi\u2014o kadar \u00e7ok tanen, polifenol ve flavonoid suya ge\u00e7er.<\/p>\n\n\n\n<p>Londra\u2019daki gibi sert ve mineralli su kullan\u0131yorsan\u0131z, i\u00e7im deneyimini iyile\u015ftirmenin bir yolu da biraz s\u00fct eklemektir; b\u00f6ylece baz\u0131 arka plan tatlar maskelemi\u015f olur, i\u00e7im daha yumu\u015fak ve buruklu\u011fu d\u00fc\u015f\u00fck h\u00e2le gelir. Bu ayn\u0131 zamanda yiyeceklerle de uyumludur: \u00e7ay\u0131n\u0131 s\u00fctl\u00fc ve \u015fekerli i\u00e7en biri genellikle yan\u0131nda bisk\u00fcvi, k\u00fc\u00e7\u00fck bir hamur i\u015fi ya da sandvi\u00e7 t\u00fcketir; \u00e7ay, tatl\u0131 ve s\u00fct, a\u011f\u0131zda tatl\u0131, kolay sindirilen bir uyum yarat\u0131r. Asya\u2019da h\u00e2l\u00e2 \u00e7ay \u00e7o\u011funlukla s\u00fcts\u00fcz i\u00e7ilir ama Britanya \u0130mparatorlu\u011fu bu \u00e7ay\u2013s\u00fct\u2013\u015feker \u00fc\u00e7l\u00fcs\u00fcn\u00fc pop\u00fclerle\u015ftirdi; \u015feker plantasyonlar\u0131, bol s\u00fct \u00fcretimi ve \u00f6nce ye\u015fil, sonra siyah \u00e7ay ithalat\u0131 sayesinde bu al\u0131\u015fkanl\u0131k yay\u0131ld\u0131. 1600\u2019ler\u20131700\u2019lerde aileler \u00e7ay ve \u015fekere et, ekmekten daha \u00e7ok para harc\u0131yordu. \u00c7ay, bir yandan uyan\u0131kl\u0131k sa\u011flad\u0131\u011f\u0131, di\u011fer yandan da rahatlat\u0131c\u0131 ve iyi hissettiren bir i\u00e7ecek oldu\u011fu i\u00e7in seviliyordu; kaynar su, su kaynakl\u0131 hastal\u0131klar\u0131 azalt\u0131yor, \u015feker ve s\u00fctle birle\u015fti\u011finde genel bir fayda sunuyordu.<\/p>\n\n\n\n<h3 class=\"wp-block-heading\"><strong><em>\u00c7ay demlemenin en iyi y\u00f6ntemi nedir?<\/em><\/strong><\/h3>\n\n\n<div class=\"wp-block-image\">\n<figure class=\"alignright size-large is-resized\"><img loading=\"lazy\" decoding=\"async\" width=\"1024\" height=\"990\" src=\"https:\/\/erenyesilyurt.com\/wp-content\/uploads\/2025\/08\/DWBolton-KDHP-TE-2012-1024x990.jpg\" alt=\"\" class=\"wp-image-2585\" style=\"width:335px;height:auto\" srcset=\"https:\/\/erenyesilyurt.com\/wp-content\/uploads\/2025\/08\/DWBolton-KDHP-TE-2012-1024x990.jpg 1024w, https:\/\/erenyesilyurt.com\/wp-content\/uploads\/2025\/08\/DWBolton-KDHP-TE-2012-300x290.jpg 300w, https:\/\/erenyesilyurt.com\/wp-content\/uploads\/2025\/08\/DWBolton-KDHP-TE-2012-768x742.jpg 768w, https:\/\/erenyesilyurt.com\/wp-content\/uploads\/2025\/08\/DWBolton-KDHP-TE-2012-1536x1484.jpg 1536w, https:\/\/erenyesilyurt.com\/wp-content\/uploads\/2025\/08\/DWBolton-KDHP-TE-2012-2048x1979.jpg 2048w, https:\/\/erenyesilyurt.com\/wp-content\/uploads\/2025\/08\/DWBolton-KDHP-TE-2012-1000x966.jpg 1000w, https:\/\/erenyesilyurt.com\/wp-content\/uploads\/2025\/08\/DWBolton-KDHP-TE-2012-500x483.jpg 500w, https:\/\/erenyesilyurt.com\/wp-content\/uploads\/2025\/08\/DWBolton-KDHP-TE-2012-1400x1353.jpg 1400w\" sizes=\"auto, (max-width: 1024px) 100vw, 1024px\" \/><\/figure>\n<\/div>\n\n\n<p>Elinizde \u00e7ok miktarda \u00e7ay varsa, az suyla \u00e7ok k\u0131sa s\u00fcrede demlemek daha iyidir. B\u00f6ylece aromatik bile\u015fenler hemen suya ge\u00e7er ve \u00e7ay\u0131n kokusunu m\u00fckemmel \u015fekilde al\u0131rs\u0131n\u0131z. Bu demlemeyi k\u00fc\u00e7\u00fck bir s\u00fcrahiye d\u00f6k\u00fcn. Ayn\u0131 yapraklar\u0131 ikinci kez demledi\u011finizde s\u00fcreyi bir\u2013iki dakikaya \u00e7\u0131karabilirsiniz; ilk demlemede 40\u201350 saniyelik bir s\u00fcreden sonra ikinci demlemede hem aroma hem de amino asit gibi daha a\u011f\u0131r molek\u00fclleri \u00e7ekersiniz. Bu ikinci demlemeyi de ayn\u0131 s\u00fcrahiye d\u00f6k\u00fcn; b\u00f6ylece \u00e7ay\u0131n &#8220;orta k\u0131sm\u0131&#8221; dedi\u011fimiz yo\u011fun ve dengeli \u00f6z\u00fc toplanm\u0131\u015f olur.<\/p>\n\n\n\n<p>Son olarak dikkatli davran\u0131p s\u0131cak suyla \u00e7ok k\u0131sa s\u00fcre temas ettirin\u201430\u201340 saniye kadar. \u00dc\u00e7\u00fcnc\u00fc demlemede y\u00fcksek miktarda flavonoid, tanen ve kate\u015fin suya ge\u00e7er; bunlar lezzeti zenginle\u015ftirir ama fazlas\u0131 ac\u0131l\u0131\u011fa neden olur. \u00dc\u00e7 demlemeyi ayn\u0131 s\u00fcrahide kar\u0131\u015ft\u0131r\u0131p i\u00e7ti\u011finizde, istedi\u011finiz bile\u015fenleri se\u00e7erek en iyi \u00e7ay\u0131 elde etmi\u015f olursunuz.<\/p>\n\n\n\n<p>En k\u00f6t\u00fc fincan, ayn\u0131 miktar \u00e7ay\u0131n \u00fczerine kaynar suyu d\u00f6k\u00fcp 12\u201315 dakika boyunca unutulmas\u0131yla olur. Bu kadar uzun s\u00fcrede \u00e7ay, t\u00fcm istenmeyen sert bile\u015fenlerini salar; alt\u0131\u2013sekiz dakika bile fazla demlense, tad\u0131 art\u0131k s\u00fctle bile d\u00fczelmez. \u00c7in\u2019deki \u201cgongfu\u201d tekniklerinin amac\u0131 tam olarak budur: tercih etti\u011finiz \u00e7ay bile\u015fenlerini, tercih etti\u011finiz miktarda almak ve di\u011ferlerini d\u0131\u015far\u0131da b\u0131rakmak\u2014\u00e7\u00fcnk\u00fc fazlas\u0131 keyif bozucudur.<\/p>\n\n\n\n<h3 class=\"wp-block-heading\"><strong><em>\u00dc\u00e7\u00fcnc\u00fc dalga \u00e7ay k\u00fclt\u00fcr\u00fc nedir?<\/em><\/strong><\/h3>\n\n\n\n<p>Ben \u00fc\u00e7\u00fcnc\u00fc dalga \u00e7ay\u0131 \u201cgen\u00e7\u2013ya\u015fl\u0131\u201d diye tan\u0131mlamam \u00e7\u00fcnk\u00fc her ya\u015ftan insan \u00fc\u00e7\u00fcnc\u00fc dalgada \u00f6ne \u00e7\u0131kan \u00e7aylardan keyif alabilir. Ama \u00f6nemli bir fark var: Bir grup insana oturup \u201c\u00c7ay\u0131n\u0131z nereden geliyor? Ne t\u00fcr bir \u00e7ay i\u00e7iyorsunuz? Nas\u0131l demlediniz?\u201d diye sordu\u011funuzda baz\u0131lar\u0131 bu sorulara cevap veremez ya da umursamaz; \u00e7\u00fcnk\u00fc onlar i\u00e7in \u00e7ay sadece \u00e7ayd\u0131r\u2014belli bir markaya al\u0131\u015fm\u0131\u015flard\u0131r ve onu i\u00e7erler. Bu ki\u015filer ikinci dalga \u00e7ay i\u00e7icisidir.<\/p>\n\n\n\n<p>Ayn\u0131 sorular\u0131 ba\u015fka bir gruba sordu\u011funuzda, cevap \u015f\u00f6yle olabilir: \u201cBu \u00e7ay Tayvan\u2019\u0131n kuzey yama\u00e7lar\u0131ndan geliyor; ye\u015fil oolong se\u00e7tim \u00e7\u00fcnk\u00fc f\u0131st\u0131kl\u0131 tatl\u0131larla \u00e7ok iyi gidiyor.\u201d Burada \u00e7ay\u0131n terroir\u2019\u0131ndan, yerel k\u00f6keninden s\u00f6z edilir; \u00e7ay\u0131n yaln\u0131zca bir paket \u00fcr\u00fcn de\u011fil, zanaatk\u00e2r i\u015fi oldu\u011fu vurgulan\u0131r, \u00e7ay\u0131n yiyecekle e\u015fle\u015ftirilmesi \u00f6ne \u00e7\u0131kar. \u00dc\u00e7\u00fcnc\u00fc dalga \u00e7ay i\u00e7icisi, \u00e7ay\u0131n k\u00f6kenini, demleme tekni\u011fini ve hangi yiyecekle gitti\u011fini bilir, bunlar hakk\u0131nda konu\u015fmay\u0131 sever. \u00c7ay\u0131n\u0131n foto\u011fraf\u0131n\u0131 \u00e7eker, demlenmi\u015f yapraklar\u0131 g\u00f6rmek ister, garsona \u201cBunu iki dakika m\u0131, \u00fc\u00e7 dakika m\u0131 demlediniz?\u201d diye sorar. Bu \u015fekilde hem deneyimini zenginle\u015ftirir hem de yan\u0131nda ne yiyece\u011fine karar vermek i\u00e7in bolca bilgi toplar ve payla\u015f\u0131r.<\/p>\n\n\n\n<h3 class=\"wp-block-heading\"><strong><em>Siyah \u00e7ay t\u00fcketiminin gelece\u011fi hakk\u0131nda ne d\u00fc\u015f\u00fcn\u00fcyorsunuz?<\/em><\/strong><\/h3>\n\n\n\n<p>\u0130ki \u00e7arp\u0131c\u0131 nokta var. Birincisi, siyah \u00e7aya olan talep olduk\u00e7a y\u00fcksek; t\u00fcketim artmaya devam ediyor. \u201c\u0130ngilizler art\u0131k siyah \u00e7ay i\u00e7miyor\u201d ya da \u201cSiyah \u00e7ay\u0131n \u00f6nemi azal\u0131yor\u201d gibi haberler ger\u00e7e\u011fi yans\u0131tm\u0131yor. \u0130kincisi, siyah \u00e7ay giderek daha fazla ortodoks y\u00f6ntemle \u00fcretiliyor. 1950\u2019lerden \u00f6nce t\u00fcm \u00fcretim ortodoks y\u00f6ntemleydi \u00e7\u00fcnk\u00fc CTC makineleri hen\u00fcz icat edilmemi\u015fti; \u00e7ay \u00e7o\u011funlukla elle veya k\u00fc\u00e7\u00fck makinelerle i\u015flenirdi. 1960\u20131990 aras\u0131nda b\u00fcy\u00fck \u00f6l\u00e7\u00fcde CTC\u2019ye ge\u00e7ildi. \u015eimdi ise aroma odakl\u0131, daha zanaatk\u00e2r \u00fcretim bi\u00e7imi yeniden \u00f6ne \u00e7\u0131k\u0131yor; \u00f6zellikle gen\u00e7ler g\u00fc\u00e7l\u00fc ve ho\u015f aromal\u0131 \u00e7aylar\u0131 tercih ediyor.<\/p>\n\n\n\n<p>\u00d6n\u00fcm\u00fczdeki on y\u0131lda harmanlama trendi y\u00fckselecek: T\u00fcrk siyah \u00e7aylar\u0131n\u0131n, bitkiler, meyveler ve \u00e7i\u00e7eklerle daha s\u0131k harmanland\u0131\u011f\u0131n\u0131 g\u00f6rece\u011fiz. Sa\u011fl\u0131k ve \u201cwellness\u201d konular\u0131na duyarl\u0131 t\u00fcketiciler; uykuyu d\u00fczenleyen, sinirleri yat\u0131\u015ft\u0131ran ya da kilo kontrol\u00fcne yard\u0131mc\u0131 olan bitkilerle harmanlanm\u0131\u015f \u00e7aylar\u0131 arayacak. Ba\u015fka bir grup ise \u201cdaha kaliteli hidrasyon\u201d pe\u015finde olacak \u00e7\u00fcnk\u00fc \u00e7aydaki mineraller ve amino asitler, yaln\u0131zca sudan fazlas\u0131n\u0131 sunar. Bu nedenle sporcular da baz\u0131 \u00e7aylara y\u00f6nelecek.<\/p>\n\n\n\n<p>Gastronomi cephesinde ise \u00e7ay\u2013yemek e\u015fle\u015fmeleri \u00f6ne \u00e7\u0131kacak. Bat\u0131\u2019da restoran m\u00fc\u015fterileri yemekle birlikte i\u00e7tikleri alkoll\u00fc i\u00e7ecekleri azaltma e\u011filiminde. \u015earap istemeyen bir m\u00fc\u015fteriye, sat\u0131\u015f ve tat a\u00e7\u0131s\u0131ndan doyurucu bir alternatif sunulmas\u0131 gerekir; garsonun \u201cKremal\u0131 yemeklerimizle harika giden bir \u00e7ay\u0131m\u0131z var\u201d ya da \u201cSebze tabaklar\u0131m\u0131zla \u00e7ok iyi e\u015fle\u015fen bir \u00e7ay \u00f6neriyoruz\u201d diyebilmesi gerekir. M\u00fc\u015fteri do\u011fru \u00e7ay\u0131 se\u00e7ti\u011finde ve yeme\u011fin lezzetinden memnun kald\u0131\u011f\u0131nda \u00e7aya sad\u0131k kal\u0131r. \u00d6rne\u011fin, Frans\u0131zlar kremal\u0131 ve ya\u011fl\u0131 yemeklerle oolong \u00e7ay\u0131 tercih eder; hem lezzeti zenginle\u015ftirir hem de sindirimi kolayla\u015ft\u0131r\u0131r, \u00fcstelik pahal\u0131 \u015faraplardan daha ucuzdur. B\u00f6ylece gurme bir yemek deneyiminin kalitesi d\u00fc\u015fmez, alkol t\u00fcketmek istemeyenlere e\u015fde\u011fer bir keyif sunulmu\u015f olur.<\/p>\n","protected":false},"excerpt":{"rendered":"<p>\u00c7ay ya\u015fam\u0131m\u0131z\u0131n vazge\u00e7ilmezi h\u00e2line geldi; T\u00fcrk \u00e7ay\u0131 ise d\u00fcnya \u00e7ay k\u00fclt\u00fcr\u00fc i\u00e7inde ayr\u0131cal\u0131kl\u0131 bir yere sahip.D\u00fcnyan\u0131n \u00f6nde gelen \u00e7ay uzmanlar\u0131ndan Dan Bolton ile \u00e7ay \u00fczerine keyifli bir sohbet ger\u00e7ekle\u015ftirdik. Bolton, y\u00f6netti\u011fi TeaBiz platformunda blog yaz\u0131lar\u0131 ve &#8220;Tea Biz Podcast&#8221; \u00fczerinden \u00e7ay end\u00fcstrisindeki geli\u015fmelerden g\u00fcmr\u00fck tarifelerine, mahsul raporlar\u0131ndan k\u00fclt\u00fcrel etkinliklere ve lojistik krizlere kadar pek \u00e7ok&#8230; <span class=\"more\"><a class=\"more-link\" href=\"https:\/\/erenyesilyurt.com\/index.php\/2025\/08\/06\/dan-bolton-siyah-caya-olan-talep-oldukca-yuksek-onemi-azaliyor-seklindeki-haberler-gercegi-yansitmiyor\/\">Continue reading <span class=\"meta-nav\">&#8594;<\/span><\/a><\/span><\/p>\n","protected":false},"author":1,"featured_media":2586,"comment_status":"open","ping_status":"open","sticky":false,"template":"","format":"standard","meta":{"_jetpack_memberships_contains_paid_content":false,"footnotes":""},"categories":[58,1],"tags":[],"class_list":["post-2583","post","type-post","status-publish","format-standard","has-post-thumbnail","hentry","category-gorus","category-roportajlar"],"yoast_head":"<!-- This site is optimized with the Yoast SEO plugin v22.1 - https:\/\/yoast.com\/wordpress\/plugins\/seo\/ -->\n<title>Dan Bolton: Siyah \u00e7aya olan talep olduk\u00e7a y\u00fcksek; &#039;\u00f6nemi azal\u0131yor&#039; \u015feklindeki haberler ger\u00e7e\u011fi yans\u0131tm\u0131yor - Eren Ye\u015filyurt<\/title>\n<meta name=\"robots\" content=\"index, follow, max-snippet:-1, max-image-preview:large, max-video-preview:-1\" \/>\n<link rel=\"canonical\" href=\"https:\/\/erenyesilyurt.com\/index.php\/2025\/08\/06\/dan-bolton-siyah-caya-olan-talep-oldukca-yuksek-onemi-azaliyor-seklindeki-haberler-gercegi-yansitmiyor\/\" \/>\n<meta property=\"og:locale\" content=\"en_US\" \/>\n<meta property=\"og:type\" content=\"article\" \/>\n<meta property=\"og:title\" content=\"Dan Bolton: Siyah \u00e7aya olan talep olduk\u00e7a y\u00fcksek; &#039;\u00f6nemi azal\u0131yor&#039; \u015feklindeki haberler ger\u00e7e\u011fi yans\u0131tm\u0131yor - Eren Ye\u015filyurt\" \/>\n<meta property=\"og:description\" content=\"\u00c7ay ya\u015fam\u0131m\u0131z\u0131n vazge\u00e7ilmezi h\u00e2line geldi; T\u00fcrk \u00e7ay\u0131 ise d\u00fcnya \u00e7ay k\u00fclt\u00fcr\u00fc i\u00e7inde ayr\u0131cal\u0131kl\u0131 bir yere sahip.D\u00fcnyan\u0131n \u00f6nde gelen \u00e7ay uzmanlar\u0131ndan Dan Bolton ile \u00e7ay \u00fczerine keyifli bir sohbet ger\u00e7ekle\u015ftirdik. Bolton, y\u00f6netti\u011fi TeaBiz platformunda blog yaz\u0131lar\u0131 ve &#8220;Tea Biz Podcast&#8221; \u00fczerinden \u00e7ay end\u00fcstrisindeki geli\u015fmelerden g\u00fcmr\u00fck tarifelerine, mahsul raporlar\u0131ndan k\u00fclt\u00fcrel etkinliklere ve lojistik krizlere kadar pek \u00e7ok... Continue reading &#8594;\" \/>\n<meta property=\"og:url\" content=\"https:\/\/erenyesilyurt.com\/index.php\/2025\/08\/06\/dan-bolton-siyah-caya-olan-talep-oldukca-yuksek-onemi-azaliyor-seklindeki-haberler-gercegi-yansitmiyor\/\" \/>\n<meta property=\"og:site_name\" content=\"Eren Ye\u015filyurt\" \/>\n<meta property=\"article:published_time\" content=\"2025-08-06T11:06:46+00:00\" \/>\n<meta property=\"article:modified_time\" content=\"2025-08-06T11:11:46+00:00\" \/>\n<meta property=\"og:image\" content=\"http:\/\/erenyesilyurt.com\/wp-content\/uploads\/2025\/08\/DWBolton-ColomboSL150.jpg\" \/>\n\t<meta property=\"og:image:width\" content=\"637\" \/>\n\t<meta property=\"og:image:height\" content=\"483\" \/>\n\t<meta property=\"og:image:type\" content=\"image\/jpeg\" \/>\n<meta name=\"author\" content=\"erenyesilyurt.com\" \/>\n<meta name=\"twitter:card\" content=\"summary_large_image\" \/>\n<meta name=\"twitter:label1\" content=\"Written by\" \/>\n\t<meta name=\"twitter:data1\" content=\"erenyesilyurt.com\" \/>\n\t<meta name=\"twitter:label2\" content=\"Est. reading time\" \/>\n\t<meta name=\"twitter:data2\" content=\"16 minutes\" \/>\n<script type=\"application\/ld+json\" class=\"yoast-schema-graph\">{\"@context\":\"https:\/\/schema.org\",\"@graph\":[{\"@type\":\"Article\",\"@id\":\"https:\/\/erenyesilyurt.com\/index.php\/2025\/08\/06\/dan-bolton-siyah-caya-olan-talep-oldukca-yuksek-onemi-azaliyor-seklindeki-haberler-gercegi-yansitmiyor\/#article\",\"isPartOf\":{\"@id\":\"https:\/\/erenyesilyurt.com\/index.php\/2025\/08\/06\/dan-bolton-siyah-caya-olan-talep-oldukca-yuksek-onemi-azaliyor-seklindeki-haberler-gercegi-yansitmiyor\/\"},\"author\":{\"name\":\"erenyesilyurt.com\",\"@id\":\"https:\/\/erenyesilyurt.com\/#\/schema\/person\/ff31a9b0cf4c3738d6325963ff6af263\"},\"headline\":\"Dan Bolton: Siyah \u00e7aya olan talep olduk\u00e7a y\u00fcksek; &#8216;\u00f6nemi azal\u0131yor&#8217; \u015feklindeki haberler ger\u00e7e\u011fi yans\u0131tm\u0131yor\",\"datePublished\":\"2025-08-06T11:06:46+00:00\",\"dateModified\":\"2025-08-06T11:11:46+00:00\",\"mainEntityOfPage\":{\"@id\":\"https:\/\/erenyesilyurt.com\/index.php\/2025\/08\/06\/dan-bolton-siyah-caya-olan-talep-oldukca-yuksek-onemi-azaliyor-seklindeki-haberler-gercegi-yansitmiyor\/\"},\"wordCount\":3485,\"commentCount\":0,\"publisher\":{\"@id\":\"https:\/\/erenyesilyurt.com\/#\/schema\/person\/ff31a9b0cf4c3738d6325963ff6af263\"},\"articleSection\":[\"G\u00f6r\u00fc\u015f\",\"R\u00f6portajlar\"],\"inLanguage\":\"en-US\",\"potentialAction\":[{\"@type\":\"CommentAction\",\"name\":\"Comment\",\"target\":[\"https:\/\/erenyesilyurt.com\/index.php\/2025\/08\/06\/dan-bolton-siyah-caya-olan-talep-oldukca-yuksek-onemi-azaliyor-seklindeki-haberler-gercegi-yansitmiyor\/#respond\"]}]},{\"@type\":\"WebPage\",\"@id\":\"https:\/\/erenyesilyurt.com\/index.php\/2025\/08\/06\/dan-bolton-siyah-caya-olan-talep-oldukca-yuksek-onemi-azaliyor-seklindeki-haberler-gercegi-yansitmiyor\/\",\"url\":\"https:\/\/erenyesilyurt.com\/index.php\/2025\/08\/06\/dan-bolton-siyah-caya-olan-talep-oldukca-yuksek-onemi-azaliyor-seklindeki-haberler-gercegi-yansitmiyor\/\",\"name\":\"Dan Bolton: Siyah \u00e7aya olan talep olduk\u00e7a y\u00fcksek; '\u00f6nemi azal\u0131yor' \u015feklindeki haberler ger\u00e7e\u011fi yans\u0131tm\u0131yor - Eren Ye\u015filyurt\",\"isPartOf\":{\"@id\":\"https:\/\/erenyesilyurt.com\/#website\"},\"datePublished\":\"2025-08-06T11:06:46+00:00\",\"dateModified\":\"2025-08-06T11:11:46+00:00\",\"breadcrumb\":{\"@id\":\"https:\/\/erenyesilyurt.com\/index.php\/2025\/08\/06\/dan-bolton-siyah-caya-olan-talep-oldukca-yuksek-onemi-azaliyor-seklindeki-haberler-gercegi-yansitmiyor\/#breadcrumb\"},\"inLanguage\":\"en-US\",\"potentialAction\":[{\"@type\":\"ReadAction\",\"target\":[\"https:\/\/erenyesilyurt.com\/index.php\/2025\/08\/06\/dan-bolton-siyah-caya-olan-talep-oldukca-yuksek-onemi-azaliyor-seklindeki-haberler-gercegi-yansitmiyor\/\"]}]},{\"@type\":\"BreadcrumbList\",\"@id\":\"https:\/\/erenyesilyurt.com\/index.php\/2025\/08\/06\/dan-bolton-siyah-caya-olan-talep-oldukca-yuksek-onemi-azaliyor-seklindeki-haberler-gercegi-yansitmiyor\/#breadcrumb\",\"itemListElement\":[{\"@type\":\"ListItem\",\"position\":1,\"name\":\"Anasayfa\",\"item\":\"https:\/\/erenyesilyurt.com\/\"},{\"@type\":\"ListItem\",\"position\":2,\"name\":\"Dan Bolton: Siyah \u00e7aya olan talep olduk\u00e7a y\u00fcksek; &#8216;\u00f6nemi azal\u0131yor&#8217; \u015feklindeki haberler ger\u00e7e\u011fi yans\u0131tm\u0131yor\"}]},{\"@type\":\"WebSite\",\"@id\":\"https:\/\/erenyesilyurt.com\/#website\",\"url\":\"https:\/\/erenyesilyurt.com\/\",\"name\":\"Eren Ye\u015filyurt\",\"description\":\"Lux venit ab alto\",\"publisher\":{\"@id\":\"https:\/\/erenyesilyurt.com\/#\/schema\/person\/ff31a9b0cf4c3738d6325963ff6af263\"},\"potentialAction\":[{\"@type\":\"SearchAction\",\"target\":{\"@type\":\"EntryPoint\",\"urlTemplate\":\"https:\/\/erenyesilyurt.com\/?s={search_term_string}\"},\"query-input\":\"required name=search_term_string\"}],\"inLanguage\":\"en-US\"},{\"@type\":[\"Person\",\"Organization\"],\"@id\":\"https:\/\/erenyesilyurt.com\/#\/schema\/person\/ff31a9b0cf4c3738d6325963ff6af263\",\"name\":\"erenyesilyurt.com\",\"image\":{\"@type\":\"ImageObject\",\"inLanguage\":\"en-US\",\"@id\":\"https:\/\/erenyesilyurt.com\/#\/schema\/person\/image\/\",\"url\":\"https:\/\/erenyesilyurt.com\/wp-content\/litespeed\/avatar\/ae4ccefc8034a37e9d6597a872ea3007.jpg?ver=1777228074\",\"contentUrl\":\"https:\/\/erenyesilyurt.com\/wp-content\/litespeed\/avatar\/ae4ccefc8034a37e9d6597a872ea3007.jpg?ver=1777228074\",\"caption\":\"erenyesilyurt.com\"},\"logo\":{\"@id\":\"https:\/\/erenyesilyurt.com\/#\/schema\/person\/image\/\"},\"sameAs\":[\"http:\/\/erenyesilyurt.com\"],\"url\":\"https:\/\/erenyesilyurt.com\/index.php\/author\/erenyesilyurt-com\/\"}]}<\/script>\n<!-- \/ Yoast SEO plugin. -->","yoast_head_json":{"title":"Dan Bolton: Siyah \u00e7aya olan talep olduk\u00e7a y\u00fcksek; '\u00f6nemi azal\u0131yor' \u015feklindeki haberler ger\u00e7e\u011fi yans\u0131tm\u0131yor - Eren Ye\u015filyurt","robots":{"index":"index","follow":"follow","max-snippet":"max-snippet:-1","max-image-preview":"max-image-preview:large","max-video-preview":"max-video-preview:-1"},"canonical":"https:\/\/erenyesilyurt.com\/index.php\/2025\/08\/06\/dan-bolton-siyah-caya-olan-talep-oldukca-yuksek-onemi-azaliyor-seklindeki-haberler-gercegi-yansitmiyor\/","og_locale":"en_US","og_type":"article","og_title":"Dan Bolton: Siyah \u00e7aya olan talep olduk\u00e7a y\u00fcksek; '\u00f6nemi azal\u0131yor' \u015feklindeki haberler ger\u00e7e\u011fi yans\u0131tm\u0131yor - Eren Ye\u015filyurt","og_description":"\u00c7ay ya\u015fam\u0131m\u0131z\u0131n vazge\u00e7ilmezi h\u00e2line geldi; T\u00fcrk \u00e7ay\u0131 ise d\u00fcnya \u00e7ay k\u00fclt\u00fcr\u00fc i\u00e7inde ayr\u0131cal\u0131kl\u0131 bir yere sahip.D\u00fcnyan\u0131n \u00f6nde gelen \u00e7ay uzmanlar\u0131ndan Dan Bolton ile \u00e7ay \u00fczerine keyifli bir sohbet ger\u00e7ekle\u015ftirdik. Bolton, y\u00f6netti\u011fi TeaBiz platformunda blog yaz\u0131lar\u0131 ve &#8220;Tea Biz Podcast&#8221; \u00fczerinden \u00e7ay end\u00fcstrisindeki geli\u015fmelerden g\u00fcmr\u00fck tarifelerine, mahsul raporlar\u0131ndan k\u00fclt\u00fcrel etkinliklere ve lojistik krizlere kadar pek \u00e7ok... Continue reading &#8594;","og_url":"https:\/\/erenyesilyurt.com\/index.php\/2025\/08\/06\/dan-bolton-siyah-caya-olan-talep-oldukca-yuksek-onemi-azaliyor-seklindeki-haberler-gercegi-yansitmiyor\/","og_site_name":"Eren Ye\u015filyurt","article_published_time":"2025-08-06T11:06:46+00:00","article_modified_time":"2025-08-06T11:11:46+00:00","og_image":[{"width":637,"height":483,"url":"http:\/\/erenyesilyurt.com\/wp-content\/uploads\/2025\/08\/DWBolton-ColomboSL150.jpg","type":"image\/jpeg"}],"author":"erenyesilyurt.com","twitter_card":"summary_large_image","twitter_misc":{"Written by":"erenyesilyurt.com","Est. reading time":"16 minutes"},"schema":{"@context":"https:\/\/schema.org","@graph":[{"@type":"Article","@id":"https:\/\/erenyesilyurt.com\/index.php\/2025\/08\/06\/dan-bolton-siyah-caya-olan-talep-oldukca-yuksek-onemi-azaliyor-seklindeki-haberler-gercegi-yansitmiyor\/#article","isPartOf":{"@id":"https:\/\/erenyesilyurt.com\/index.php\/2025\/08\/06\/dan-bolton-siyah-caya-olan-talep-oldukca-yuksek-onemi-azaliyor-seklindeki-haberler-gercegi-yansitmiyor\/"},"author":{"name":"erenyesilyurt.com","@id":"https:\/\/erenyesilyurt.com\/#\/schema\/person\/ff31a9b0cf4c3738d6325963ff6af263"},"headline":"Dan Bolton: Siyah \u00e7aya olan talep olduk\u00e7a y\u00fcksek; &#8216;\u00f6nemi azal\u0131yor&#8217; \u015feklindeki haberler ger\u00e7e\u011fi yans\u0131tm\u0131yor","datePublished":"2025-08-06T11:06:46+00:00","dateModified":"2025-08-06T11:11:46+00:00","mainEntityOfPage":{"@id":"https:\/\/erenyesilyurt.com\/index.php\/2025\/08\/06\/dan-bolton-siyah-caya-olan-talep-oldukca-yuksek-onemi-azaliyor-seklindeki-haberler-gercegi-yansitmiyor\/"},"wordCount":3485,"commentCount":0,"publisher":{"@id":"https:\/\/erenyesilyurt.com\/#\/schema\/person\/ff31a9b0cf4c3738d6325963ff6af263"},"articleSection":["G\u00f6r\u00fc\u015f","R\u00f6portajlar"],"inLanguage":"en-US","potentialAction":[{"@type":"CommentAction","name":"Comment","target":["https:\/\/erenyesilyurt.com\/index.php\/2025\/08\/06\/dan-bolton-siyah-caya-olan-talep-oldukca-yuksek-onemi-azaliyor-seklindeki-haberler-gercegi-yansitmiyor\/#respond"]}]},{"@type":"WebPage","@id":"https:\/\/erenyesilyurt.com\/index.php\/2025\/08\/06\/dan-bolton-siyah-caya-olan-talep-oldukca-yuksek-onemi-azaliyor-seklindeki-haberler-gercegi-yansitmiyor\/","url":"https:\/\/erenyesilyurt.com\/index.php\/2025\/08\/06\/dan-bolton-siyah-caya-olan-talep-oldukca-yuksek-onemi-azaliyor-seklindeki-haberler-gercegi-yansitmiyor\/","name":"Dan Bolton: Siyah \u00e7aya olan talep olduk\u00e7a y\u00fcksek; '\u00f6nemi azal\u0131yor' \u015feklindeki haberler ger\u00e7e\u011fi yans\u0131tm\u0131yor - Eren Ye\u015filyurt","isPartOf":{"@id":"https:\/\/erenyesilyurt.com\/#website"},"datePublished":"2025-08-06T11:06:46+00:00","dateModified":"2025-08-06T11:11:46+00:00","breadcrumb":{"@id":"https:\/\/erenyesilyurt.com\/index.php\/2025\/08\/06\/dan-bolton-siyah-caya-olan-talep-oldukca-yuksek-onemi-azaliyor-seklindeki-haberler-gercegi-yansitmiyor\/#breadcrumb"},"inLanguage":"en-US","potentialAction":[{"@type":"ReadAction","target":["https:\/\/erenyesilyurt.com\/index.php\/2025\/08\/06\/dan-bolton-siyah-caya-olan-talep-oldukca-yuksek-onemi-azaliyor-seklindeki-haberler-gercegi-yansitmiyor\/"]}]},{"@type":"BreadcrumbList","@id":"https:\/\/erenyesilyurt.com\/index.php\/2025\/08\/06\/dan-bolton-siyah-caya-olan-talep-oldukca-yuksek-onemi-azaliyor-seklindeki-haberler-gercegi-yansitmiyor\/#breadcrumb","itemListElement":[{"@type":"ListItem","position":1,"name":"Anasayfa","item":"https:\/\/erenyesilyurt.com\/"},{"@type":"ListItem","position":2,"name":"Dan Bolton: Siyah \u00e7aya olan talep olduk\u00e7a y\u00fcksek; &#8216;\u00f6nemi azal\u0131yor&#8217; \u015feklindeki haberler ger\u00e7e\u011fi yans\u0131tm\u0131yor"}]},{"@type":"WebSite","@id":"https:\/\/erenyesilyurt.com\/#website","url":"https:\/\/erenyesilyurt.com\/","name":"Eren Ye\u015filyurt","description":"Lux venit ab alto","publisher":{"@id":"https:\/\/erenyesilyurt.com\/#\/schema\/person\/ff31a9b0cf4c3738d6325963ff6af263"},"potentialAction":[{"@type":"SearchAction","target":{"@type":"EntryPoint","urlTemplate":"https:\/\/erenyesilyurt.com\/?s={search_term_string}"},"query-input":"required name=search_term_string"}],"inLanguage":"en-US"},{"@type":["Person","Organization"],"@id":"https:\/\/erenyesilyurt.com\/#\/schema\/person\/ff31a9b0cf4c3738d6325963ff6af263","name":"erenyesilyurt.com","image":{"@type":"ImageObject","inLanguage":"en-US","@id":"https:\/\/erenyesilyurt.com\/#\/schema\/person\/image\/","url":"https:\/\/erenyesilyurt.com\/wp-content\/litespeed\/avatar\/ae4ccefc8034a37e9d6597a872ea3007.jpg?ver=1777228074","contentUrl":"https:\/\/erenyesilyurt.com\/wp-content\/litespeed\/avatar\/ae4ccefc8034a37e9d6597a872ea3007.jpg?ver=1777228074","caption":"erenyesilyurt.com"},"logo":{"@id":"https:\/\/erenyesilyurt.com\/#\/schema\/person\/image\/"},"sameAs":["http:\/\/erenyesilyurt.com"],"url":"https:\/\/erenyesilyurt.com\/index.php\/author\/erenyesilyurt-com\/"}]}},"jetpack_featured_media_url":"https:\/\/erenyesilyurt.com\/wp-content\/uploads\/2025\/08\/DWBolton-ColomboSL150.jpg","jetpack_sharing_enabled":true,"_links":{"self":[{"href":"https:\/\/erenyesilyurt.com\/index.php\/wp-json\/wp\/v2\/posts\/2583","targetHints":{"allow":["GET"]}}],"collection":[{"href":"https:\/\/erenyesilyurt.com\/index.php\/wp-json\/wp\/v2\/posts"}],"about":[{"href":"https:\/\/erenyesilyurt.com\/index.php\/wp-json\/wp\/v2\/types\/post"}],"author":[{"embeddable":true,"href":"https:\/\/erenyesilyurt.com\/index.php\/wp-json\/wp\/v2\/users\/1"}],"replies":[{"embeddable":true,"href":"https:\/\/erenyesilyurt.com\/index.php\/wp-json\/wp\/v2\/comments?post=2583"}],"version-history":[{"count":3,"href":"https:\/\/erenyesilyurt.com\/index.php\/wp-json\/wp\/v2\/posts\/2583\/revisions"}],"predecessor-version":[{"id":2594,"href":"https:\/\/erenyesilyurt.com\/index.php\/wp-json\/wp\/v2\/posts\/2583\/revisions\/2594"}],"wp:featuredmedia":[{"embeddable":true,"href":"https:\/\/erenyesilyurt.com\/index.php\/wp-json\/wp\/v2\/media\/2586"}],"wp:attachment":[{"href":"https:\/\/erenyesilyurt.com\/index.php\/wp-json\/wp\/v2\/media?parent=2583"}],"wp:term":[{"taxonomy":"category","embeddable":true,"href":"https:\/\/erenyesilyurt.com\/index.php\/wp-json\/wp\/v2\/categories?post=2583"},{"taxonomy":"post_tag","embeddable":true,"href":"https:\/\/erenyesilyurt.com\/index.php\/wp-json\/wp\/v2\/tags?post=2583"}],"curies":[{"name":"wp","href":"https:\/\/api.w.org\/{rel}","templated":true}]}}